{"id":65037,"date":"2020-08-04T13:24:44","date_gmt":"2020-08-04T16:24:44","guid":{"rendered":"https:\/\/www.actualidadadiario.com\/?p=65037"},"modified":"2020-08-04T13:24:44","modified_gmt":"2020-08-04T16:24:44","slug":"se-penalizara-el-incumplimiento-del-decreto-que-prohibe-las-reuniones-sociales","status":"publish","type":"post","link":"https:\/\/www.actualidadadiario.com\/index.php\/2020\/08\/04\/se-penalizara-el-incumplimiento-del-decreto-que-prohibe-las-reuniones-sociales\/","title":{"rendered":"Se penalizar\u00e1 el incumplimiento del decreto que proh\u00edbe las reuniones sociales"},"content":{"rendered":"<p style=\"text-align: center;\"><em><strong>En todo el territorio entrerriano est\u00e1 vigente el decreto del presidente Alberto Fern\u00e1ndez que proh\u00edbe las reuniones sociales y familiares. As\u00ed se destac\u00f3 luego de la reuni\u00f3n de gabinete que presidi\u00f3 este lunes el gobernador Gustavo Bordet<\/strong><\/em><\/p>\n<p>&nbsp;<\/p>\n<p>&nbsp;<\/p>\n<p>\u201cEn todo el territorio de Entre R\u00edos est\u00e1 vigente el decreto del presidente Alberto Fern\u00e1ndez que proh\u00edbe las reuniones sociales y familiares en las provincias que estamos en la etapa de distanciamiento social preventivo y obligatorio\u201d, afirm\u00f3 el gobernador Gustavo Bordet y se\u00f1al\u00f3 que \u201cvamos a garantizar su cumplimiento trabajando junto a las fuerzas de seguridad provinciales, federales y la colaboraci\u00f3n de los agentes municipales de cada ciudad\u201d.<\/p>\n<p>Luego indic\u00f3 que \u201cel crecimiento de los casos de coronavirus es de gran preocupaci\u00f3n. Por eso, para detener esta curva, necesitamos del compromiso de todos\u201d, continu\u00f3 diciendo el gobernador, al tiempo que indic\u00f3 que el decreto presidencial establece sanciones penales para las personas que lo incumplan.<\/p>\n<p>Al t\u00e9rmino del encuentro, el fiscal de Estado, Julio Rodr\u00edguez Signes, dijo que el decreto de necesidad y urgencia (DNU) del gobierno nacional que lleva el n\u00famero 641 &#8220;es v\u00e1lido para todo el pa\u00eds, no requiere de ning\u00fan decreto provincial que lo ratifique y est\u00e1 vigente para todos los municipios y todo el territorio provincial&#8221;.<\/p>\n<p>&#8220;Ese decreto mantiene la situaci\u00f3n de distanciamiento para Entre R\u00edos, es decir que no es que volvamos a la situaci\u00f3n de aislamiento, pero se agregan prohibiciones&#8221;, dijo y mencion\u00f3 entre ellas &#8220;las reuniones sociales y familiares, sobre todo en lugares cerrados&#8221;. En el DNU indica:<\/p>\n<p>\u201cQuedan prohibidos los eventos sociales o familiares en espacios cerrados y en los domicilios de las personas, en todos los casos y cualquiera sea el n\u00famero de concurrentes, salvo el grupo conviviente\u201d.<\/p>\n<p>Luego el fiscal indic\u00f3 que, seg\u00fan lo establecido en el art\u00edculo 205 del C\u00f3digo Penal, &#8220;aquel que viole las medidas dispuestas por la autoridad para impedir la propagaci\u00f3n de una pandemia, es pasible de pena privativa de la libertad incluso&#8221;. &#8220;De eso se estuvo hablando y de la necesidad de asegurar el cumplimiento de esa prohibici\u00f3n&#8221;, acot\u00f3.<\/p>\n<p>&nbsp;<\/p>\n<p><strong>Controles<\/strong><\/p>\n<p>Por su parte, el jefe de la Polic\u00eda de Entre R\u00edos, Gustavo Maslein, coment\u00f3 que para un mayor control &#8220;vamos a articular principalmente con los municipios. Vamos a trabajar en conjunto con el fin de ejercer un control sobre aquellas reuniones sociales o familiares que se lleven a cabo&#8221;.<\/p>\n<p>&#8220;Tambi\u00e9n vamos a coordinar con el juzgado federal para comunicar cada situaci\u00f3n que se detecte&#8221;, agreg\u00f3 y se\u00f1al\u00f3 que las denuncias por reuniones sociales o familiares pueden realizarse al 911 en Paran\u00e1 o al 101 en el interior de la provincia.<\/p>\n<p>P\u00e1rrafo seguido, se\u00f1al\u00f3 Maslein: &#8220;Adem\u00e1s vamos a hacer mucho hincapi\u00e9 en pos de lo que se vivi\u00f3 el fin de semana en Paran\u00e1. Si bien hubo una flexibilizaci\u00f3n en esparcimiento, en caminata, se hicieron reuniones en lugares p\u00fablicos que facilitan el contagio del virus. Por eso vamos a reforzar los controles para que no se concreten este tipo de encuentros&#8221;.<\/p>\n<p>Se\u00f1al\u00f3 que durante el fin de semana en Paran\u00e1 se vieron principalmente reuniones de adolescentes en espacios p\u00fablicos y por eso motivo pidi\u00f3 &#8220;a los padres que traten de concientizar a sus hijos que deben evitar esos encuentros. Pueden hacer caminatas, disfrutar del esparcimiento, pero con los cuidados que establece la ley. No deben compartir mates o bebidas&#8221;.<\/p>\n<p>Finalmente, apel\u00f3 a la responsabilidad individual &#8220;para cuidarse uno y sobre todo a aquellos que tienen factores de riesgo&#8221;.<\/p>\n","protected":false},"excerpt":{"rendered":"<p>En todo el territorio entrerriano est\u00e1 vigente el decreto del presidente Alberto Fern\u00e1ndez que proh\u00edbe las reuniones sociales y familiares. As\u00ed se destac\u00f3 luego de la reuni\u00f3n de gabinete que presidi\u00f3 este lunes el gobernador Gustavo Bordet &nbsp; &nbsp; \u201cEn todo el territorio de Entre R\u00edos est\u00e1 vigente el decreto del presidente Alberto Fern\u00e1ndez que proh\u00edbe las reuniones sociales y familiares en las provincias que estamos en la etapa de distanciamiento social preventivo y obligatorio\u201d, afirm\u00f3 el gobernador Gustavo Bordet y se\u00f1al\u00f3 que \u201cvamos a garantizar su cumplimiento trabajando junto&#8230;<\/p>\n","protected":false},"author":3,"featured_media":65038,"comment_status":"closed","ping_status":"closed","sticky":false,"template":"","format":"standard","meta":[],"categories":[9,15],"tags":[],"_links":{"self":[{"href":"https:\/\/www.actualidadadiario.com\/index.php\/wp-json\/wp\/v2\/posts\/65037"}],"collection":[{"href":"https:\/\/www.actualidadadiario.com\/index.php\/wp-json\/wp\/v2\/posts"}],"about":[{"href":"https:\/\/www.actualidadadiario.com\/index.php\/wp-json\/wp\/v2\/types\/post"}],"author":[{"embeddable":true,"href":"https:\/\/www.actualidadadiario.com\/index.php\/wp-json\/wp\/v2\/users\/3"}],"replies":[{"embeddable":true,"href":"https:\/\/www.actualidadadiario.com\/index.php\/wp-json\/wp\/v2\/comments?post=65037"}],"version-history":[{"count":1,"href":"https:\/\/www.actualidadadiario.com\/index.php\/wp-json\/wp\/v2\/posts\/65037\/revisions"}],"predecessor-version":[{"id":65039,"href":"https:\/\/www.actualidadadiario.com\/index.php\/wp-json\/wp\/v2\/posts\/65037\/revisions\/65039"}],"wp:featuredmedia":[{"embeddable":true,"href":"https:\/\/www.actualidadadiario.com\/index.php\/wp-json\/wp\/v2\/media\/65038"}],"wp:attachment":[{"href":"https:\/\/www.actualidadadiario.com\/index.php\/wp-json\/wp\/v2\/media?parent=65037"}],"wp:term":[{"taxonomy":"category","embeddable":true,"href":"https:\/\/www.actualidadadiario.com\/index.php\/wp-json\/wp\/v2\/categories?post=65037"},{"taxonomy":"post_tag","embeddable":true,"href":"https:\/\/www.actualidadadiario.com\/index.php\/wp-json\/wp\/v2\/tags?post=65037"}],"curies":[{"name":"wp","href":"https:\/\/api.w.org\/{rel}","templated":true}]}}