{"id":65029,"date":"2020-07-31T14:22:17","date_gmt":"2020-07-31T17:22:17","guid":{"rendered":"https:\/\/www.actualidadadiario.com\/?p=65029"},"modified":"2020-07-31T14:22:17","modified_gmt":"2020-07-31T17:22:17","slug":"bolsonaro-anuncio-que-tiene-infeccion-pulmonar","status":"publish","type":"post","link":"https:\/\/www.actualidadadiario.com\/index.php\/2020\/07\/31\/bolsonaro-anuncio-que-tiene-infeccion-pulmonar\/","title":{"rendered":"Bolsonaro anunci\u00f3 que tiene infecci\u00f3n pulmonar"},"content":{"rendered":"<p style=\"text-align: center;\"><em><strong>Bolsonaro fue dado de alta el s\u00e1bado pasado cuando dio negativo el examen del coronavirus tras casi 3 semanas de confinamiento, tiene un moho en el pulm\u00f3n<\/strong><\/em><\/p>\n<p>&nbsp;<\/p>\n<p>El presidente brasile\u00f1o, Jair Bolsonaro, afirm\u00f3 hoy que tiene una infecci\u00f3n pulmonar, detectada luego de haber recibido el alta del coronavirus.<\/p>\n<p>&#8220;Acabo de hacer un examen de sangre, ayer me sent\u00ed un poco d\u00e9bil, encontraron un poco de infecci\u00f3n (pulmonar), estoy con antibi\u00f3ticos&#8221;, coment\u00f3 en la noche de este jueves durante su transmisi\u00f3n semanal a trav\u00e9s de las redes sociales.<\/p>\n<p>Bolsonaro fue dado de alta el s\u00e1bado pasado cuando dio negativo el examen del coronavirus tras casi 3 semanas de confinamiento.<\/p>\n<p>&#8220;Despu\u00e9s de 20 d\u00edas dentro de casa uno se pesca otros problemas, yo me pesqu\u00e9 un moho, un moho en el pulm\u00f3n&#8221;, explic\u00f3 el jefe de Estado adem\u00e1s de garantizar que se cur\u00f3 del SARS-CoV-2 y que sigue en pie su agenda de viajes iniciada hoy por la regi\u00f3n nordeste del pa\u00eds.<\/p>\n<p>El gobierno brasile\u00f1o firm\u00f3 un acuerdo con la Universidad de Oxford y el laboratorio AstraZeneca para desarrollar una vacuna.<\/p>\n<p>&#8220;Se habla mucho de la vacuna del Covid-19, nosotros entramos en aquel consorcio de Oxford, todo indica que la vacuna va a funcionar y vamos a tener 100 millones de unidades&#8221;, se\u00f1al\u00f3.<\/p>\n<p>Acto seguido Bolsonaro hizo un comentario que al parecer fue una cr\u00edtica sesgada hacia China, que desarrolla la vacuna CoronaVac con el gobierno del estado de San Pablo.<\/p>\n<p>La vacuna que impulsa el gobierno federal es con Oxford, &#8220;no es la de aquel otro pa\u00eds. \u00a8 Ok gente?&#8221;, coment\u00f3 el presidente, que mantiene divergencias con el gobierno de Pek\u00edn.<\/p>\n<p>De hecho hay una disputa entre Bolsonaro y el gobernador de San Pablo, Joao Doria, en la carrera hacia la obtenci\u00f3n de una vacuna.<\/p>\n<p>Doria, un adversario pol\u00edtico de Bolsonaro que firm\u00f3 un acuerdo con el laboratorio chino Sinovac, declar\u00f3 este jueves que pretende fabricar 120 millones de vacunas en el instituto Butantan, que depende del gobierno estadual y la Universidad de San Pablo.<\/p>\n","protected":false},"excerpt":{"rendered":"<p>Bolsonaro fue dado de alta el s\u00e1bado pasado cuando dio negativo el examen del coronavirus tras casi 3 semanas de confinamiento, tiene un moho en el pulm\u00f3n &nbsp; El presidente brasile\u00f1o, Jair Bolsonaro, afirm\u00f3 hoy que tiene una infecci\u00f3n pulmonar, detectada luego de haber recibido el alta del coronavirus. &#8220;Acabo de hacer un examen de sangre, ayer me sent\u00ed un poco d\u00e9bil, encontraron un poco de infecci\u00f3n (pulmonar), estoy con antibi\u00f3ticos&#8221;, coment\u00f3 en la noche de este jueves durante su transmisi\u00f3n semanal a trav\u00e9s de las redes sociales. Bolsonaro fue&#8230;<\/p>\n","protected":false},"author":3,"featured_media":64388,"comment_status":"closed","ping_status":"closed","sticky":false,"template":"","format":"standard","meta":[],"categories":[4],"tags":[],"_links":{"self":[{"href":"https:\/\/www.actualidadadiario.com\/index.php\/wp-json\/wp\/v2\/posts\/65029"}],"collection":[{"href":"https:\/\/www.actualidadadiario.com\/index.php\/wp-json\/wp\/v2\/posts"}],"about":[{"href":"https:\/\/www.actualidadadiario.com\/index.php\/wp-json\/wp\/v2\/types\/post"}],"author":[{"embeddable":true,"href":"https:\/\/www.actualidadadiario.com\/index.php\/wp-json\/wp\/v2\/users\/3"}],"replies":[{"embeddable":true,"href":"https:\/\/www.actualidadadiario.com\/index.php\/wp-json\/wp\/v2\/comments?post=65029"}],"version-history":[{"count":1,"href":"https:\/\/www.actualidadadiario.com\/index.php\/wp-json\/wp\/v2\/posts\/65029\/revisions"}],"predecessor-version":[{"id":65030,"href":"https:\/\/www.actualidadadiario.com\/index.php\/wp-json\/wp\/v2\/posts\/65029\/revisions\/65030"}],"wp:featuredmedia":[{"embeddable":true,"href":"https:\/\/www.actualidadadiario.com\/index.php\/wp-json\/wp\/v2\/media\/64388"}],"wp:attachment":[{"href":"https:\/\/www.actualidadadiario.com\/index.php\/wp-json\/wp\/v2\/media?parent=65029"}],"wp:term":[{"taxonomy":"category","embeddable":true,"href":"https:\/\/www.actualidadadiario.com\/index.php\/wp-json\/wp\/v2\/categories?post=65029"},{"taxonomy":"post_tag","embeddable":true,"href":"https:\/\/www.actualidadadiario.com\/index.php\/wp-json\/wp\/v2\/tags?post=65029"}],"curies":[{"name":"wp","href":"https:\/\/api.w.org\/{rel}","templated":true}]}}