{"id":65015,"date":"2020-07-31T14:18:20","date_gmt":"2020-07-31T17:18:20","guid":{"rendered":"https:\/\/www.actualidadadiario.com\/?p=65015"},"modified":"2020-07-31T14:18:20","modified_gmt":"2020-07-31T17:18:20","slug":"camano-no-opino-sobre-decisiones-editoriales-de-diarios-hice-lo-correcto","status":"publish","type":"post","link":"https:\/\/www.actualidadadiario.com\/index.php\/2020\/07\/31\/camano-no-opino-sobre-decisiones-editoriales-de-diarios-hice-lo-correcto\/","title":{"rendered":"Cama\u00f1o: &#8220;No opino sobre decisiones editoriales de diarios, hice lo correcto&#8221;"},"content":{"rendered":"<p style=\"text-align: center;\"><em><strong>De esta forma, la diputada y miembro del Consejo de la Magistratura en representaci\u00f3n de la C\u00e1mara baja respondi\u00f3 a la tapa publicada por el diario Clar\u00edn que sostiene que &#8220;Cama\u00f1o apoy\u00f3 al Gobierno en desplazar a los jueces que investigan a Cristina&#8221;<\/strong><\/em><\/p>\n<p>&nbsp;<\/p>\n<p>La diputada nacional Graciela Cama\u00f1o asegur\u00f3 hoy que hizo &#8220;lo correcto&#8221;, en referencia a su voto brindado ayer en el Consejo de la Magistratura respecto del nombramiento de jueces que fueron nombrados &#8220;sin seguir el proceso de selecci\u00f3n correspondiente&#8221;.<\/p>\n<p>De esta forma, la diputada y miembro del Consejo de la Magistratura en representaci\u00f3n de la C\u00e1mara baja respondi\u00f3 a la tapa publicada por el diario Clar\u00edn que sostiene que &#8220;Cama\u00f1o apoy\u00f3 al Gobierno en desplazar a los jueces que investigan a Cristina&#8221;.<\/p>\n<p>&#8220;Yo no voy a opinar sobre las decisiones editoriales de los diarios. Lo que yo hice fue lo correcto&#8221;, sostuvo la legisladora en declaraciones a T\u00e9lam Radio.<\/p>\n<p>En el mismo sentido ampli\u00f3: &#8220;Estos jueces fueron nombrados sin seguir el proceso de selecci\u00f3n de jueces usando de manera dolosa el instituto del traslado&#8221;.<\/p>\n<p>Ayer, el Consejo de la Magistratura aprob\u00f3 la revisi\u00f3n de diez traslados de jueces federales que no cumplieron con el tr\u00e1mite dispuesto en la Constituci\u00f3n, en una votaci\u00f3n ajustada que enfrent\u00f3 al oficialismo y la oposici\u00f3n.<\/p>\n<p>La Corte Suprema deber\u00e1 expedirse para ratificar el traslado de estos jueces, como hizo con casos anteriores, o por el contrario disponer que el Poder Ejecutivo complete el procedimiento y eleve a consideraci\u00f3n del Senado estas designaciones, seg\u00fan lo resuelto el jueves por el pleno del Consejo.<\/p>\n<p>La cuesti\u00f3n hab\u00eda sido debatida largamente en la comisi\u00f3n de Selecci\u00f3n del Consejo, a propuesta del representante del Poder Ejecutivo, Ger\u00f3nimo Ustarroz, quien elabor\u00f3 un informe sobre todos los traslados que se realizaron desde 1998 hasta la actualidad.<\/p>\n<p>Ustarroz advirti\u00f3 tres tipos de traslados en la justicia: los que respetaban lo exigido por la ley, los que hab\u00edan hecho alguna salvedad en las exigencias y los que carec\u00edan del acuerdo del Senado, entre estos \u00faltimos, figuran los diez casos que ser\u00e1n revisados.<\/p>\n<p>Cama\u00f1o dijo en su di\u00e1logo con Telam Radio, esta ma\u00f1ana, que &#8220;no&#8221; va a &#8220;aceptar, en las medida de mis posibilidades, la manipulaci\u00f3n de la justicia. Ni la de Cristina ni la de Macri&#8221;.<\/p>\n<p>&#8220;Hay acordadas de la Corte que establecen con claridad, m\u00e1s all\u00e1 del reglamento de traslado del Consejo de la Magistratura, cual es el tratamiento que hay que darle a cada tipo de traslado&#8221;, dijo y puntualiz\u00f3 luego -en declaraciones a Radio Con Vos- que &#8220;en el caso de estos diez jueces no se cumpliment\u00f3 el tr\u00e1mite de manera correcta&#8221;.<\/p>\n<p>&#8220;Por otra parte, es falaz lo que se manifiesta respecto a que estos jueces pierden los juicios que segu\u00edan contra Cristina Kirchner o alguno de sus funcionarios, porque la acordada 7 de la Corte lo dice expresamente&#8221;, sum\u00f3.<\/p>\n","protected":false},"excerpt":{"rendered":"<p>De esta forma, la diputada y miembro del Consejo de la Magistratura en representaci\u00f3n de la C\u00e1mara baja respondi\u00f3 a la tapa publicada por el diario Clar\u00edn que sostiene que &#8220;Cama\u00f1o apoy\u00f3 al Gobierno en desplazar a los jueces que investigan a Cristina&#8221; &nbsp; La diputada nacional Graciela Cama\u00f1o asegur\u00f3 hoy que hizo &#8220;lo correcto&#8221;, en referencia a su voto brindado ayer en el Consejo de la Magistratura respecto del nombramiento de jueces que fueron nombrados &#8220;sin seguir el proceso de selecci\u00f3n correspondiente&#8221;. De esta forma, la diputada y miembro&#8230;<\/p>\n","protected":false},"author":3,"featured_media":65016,"comment_status":"closed","ping_status":"closed","sticky":false,"template":"","format":"standard","meta":[],"categories":[18],"tags":[],"_links":{"self":[{"href":"https:\/\/www.actualidadadiario.com\/index.php\/wp-json\/wp\/v2\/posts\/65015"}],"collection":[{"href":"https:\/\/www.actualidadadiario.com\/index.php\/wp-json\/wp\/v2\/posts"}],"about":[{"href":"https:\/\/www.actualidadadiario.com\/index.php\/wp-json\/wp\/v2\/types\/post"}],"author":[{"embeddable":true,"href":"https:\/\/www.actualidadadiario.com\/index.php\/wp-json\/wp\/v2\/users\/3"}],"replies":[{"embeddable":true,"href":"https:\/\/www.actualidadadiario.com\/index.php\/wp-json\/wp\/v2\/comments?post=65015"}],"version-history":[{"count":1,"href":"https:\/\/www.actualidadadiario.com\/index.php\/wp-json\/wp\/v2\/posts\/65015\/revisions"}],"predecessor-version":[{"id":65017,"href":"https:\/\/www.actualidadadiario.com\/index.php\/wp-json\/wp\/v2\/posts\/65015\/revisions\/65017"}],"wp:featuredmedia":[{"embeddable":true,"href":"https:\/\/www.actualidadadiario.com\/index.php\/wp-json\/wp\/v2\/media\/65016"}],"wp:attachment":[{"href":"https:\/\/www.actualidadadiario.com\/index.php\/wp-json\/wp\/v2\/media?parent=65015"}],"wp:term":[{"taxonomy":"category","embeddable":true,"href":"https:\/\/www.actualidadadiario.com\/index.php\/wp-json\/wp\/v2\/categories?post=65015"},{"taxonomy":"post_tag","embeddable":true,"href":"https:\/\/www.actualidadadiario.com\/index.php\/wp-json\/wp\/v2\/tags?post=65015"}],"curies":[{"name":"wp","href":"https:\/\/api.w.org\/{rel}","templated":true}]}}