{"id":65012,"date":"2020-07-31T14:17:30","date_gmt":"2020-07-31T17:17:30","guid":{"rendered":"https:\/\/www.actualidadadiario.com\/?p=65012"},"modified":"2020-07-31T14:17:30","modified_gmt":"2020-07-31T17:17:30","slug":"macri-llego-a-paris-con-discurso-anticuarentena","status":"publish","type":"post","link":"https:\/\/www.actualidadadiario.com\/index.php\/2020\/07\/31\/macri-llego-a-paris-con-discurso-anticuarentena\/","title":{"rendered":"Macri lleg\u00f3 a Par\u00eds con discurso anticuarentena"},"content":{"rendered":"<p style=\"text-align: center;\"><em><strong>Mauricio Macri arrib\u00f3 a Par\u00eds y volvi\u00f3 a exhibir de qu\u00e9 lado se planta frente a la pandemia de coronavirus. \u201cReci\u00e9n llegado a una sociedad donde se vive en libertad y con responsabilidad\u201d, dijo el expresidente, cr\u00edtico de la cuarentena que implement\u00f3 el Gobierno y le permiti\u00f3 a la Argentina transitar la crisis sanitaria de mejor manera que la mayor\u00eda de los pa\u00edses del mundo<\/strong><\/em><\/p>\n<p>&nbsp;<\/p>\n<p>&nbsp;<\/p>\n<p>Macri viaj\u00f3 a Europa junto a su esposa Juliana Awada y su hija Antonia y una asistente. Permanecer\u00e1 en Francia y luego se trasladar\u00e1 a Suiza, para encontrarse con el titular de la FIFA, Gianni Infantino.<\/p>\n<p>Al llegar al aeropuerto Charles de Gaulle, Macri fue consultado por el corresponsal de Infobae acerca de su presencia y sus planes en Francia. \u201cTranquilo\u201d, respondi\u00f3 el expresidente, quien se limit\u00f3 a responder \u201ccalma\u201d ante la pregunta de qu\u00e9 mensaje ten\u00eda para los argentinos y se neg\u00f3 a hablar sobre la reforma judicial impulsada por Alberto Fern\u00e1ndez con el argumento de que el viaje hab\u00eda sido largo y estaba cansado.<\/p>\n<p>En un di\u00e1logo posterior, Macri explic\u00f3 que har\u00e1 la cuarentena en la capital francesa y que reci\u00e9n despu\u00e9s podr\u00e1 ir a \u201ca trabajar\u201d a Zurich. Fue entonces que manifest\u00f3 haber llegado \u201ca una sociedad donde se vive en libertad y con responsabilidad\u201d.<\/p>\n","protected":false},"excerpt":{"rendered":"<p>Mauricio Macri arrib\u00f3 a Par\u00eds y volvi\u00f3 a exhibir de qu\u00e9 lado se planta frente a la pandemia de coronavirus. \u201cReci\u00e9n llegado a una sociedad donde se vive en libertad y con responsabilidad\u201d, dijo el expresidente, cr\u00edtico de la cuarentena que implement\u00f3 el Gobierno y le permiti\u00f3 a la Argentina transitar la crisis sanitaria de mejor manera que la mayor\u00eda de los pa\u00edses del mundo &nbsp; &nbsp; Macri viaj\u00f3 a Europa junto a su esposa Juliana Awada y su hija Antonia y una asistente. Permanecer\u00e1 en Francia y luego se&#8230;<\/p>\n","protected":false},"author":3,"featured_media":65013,"comment_status":"closed","ping_status":"closed","sticky":false,"template":"","format":"standard","meta":[],"categories":[18],"tags":[],"_links":{"self":[{"href":"https:\/\/www.actualidadadiario.com\/index.php\/wp-json\/wp\/v2\/posts\/65012"}],"collection":[{"href":"https:\/\/www.actualidadadiario.com\/index.php\/wp-json\/wp\/v2\/posts"}],"about":[{"href":"https:\/\/www.actualidadadiario.com\/index.php\/wp-json\/wp\/v2\/types\/post"}],"author":[{"embeddable":true,"href":"https:\/\/www.actualidadadiario.com\/index.php\/wp-json\/wp\/v2\/users\/3"}],"replies":[{"embeddable":true,"href":"https:\/\/www.actualidadadiario.com\/index.php\/wp-json\/wp\/v2\/comments?post=65012"}],"version-history":[{"count":1,"href":"https:\/\/www.actualidadadiario.com\/index.php\/wp-json\/wp\/v2\/posts\/65012\/revisions"}],"predecessor-version":[{"id":65014,"href":"https:\/\/www.actualidadadiario.com\/index.php\/wp-json\/wp\/v2\/posts\/65012\/revisions\/65014"}],"wp:featuredmedia":[{"embeddable":true,"href":"https:\/\/www.actualidadadiario.com\/index.php\/wp-json\/wp\/v2\/media\/65013"}],"wp:attachment":[{"href":"https:\/\/www.actualidadadiario.com\/index.php\/wp-json\/wp\/v2\/media?parent=65012"}],"wp:term":[{"taxonomy":"category","embeddable":true,"href":"https:\/\/www.actualidadadiario.com\/index.php\/wp-json\/wp\/v2\/categories?post=65012"},{"taxonomy":"post_tag","embeddable":true,"href":"https:\/\/www.actualidadadiario.com\/index.php\/wp-json\/wp\/v2\/tags?post=65012"}],"curies":[{"name":"wp","href":"https:\/\/api.w.org\/{rel}","templated":true}]}}