{"id":65003,"date":"2020-07-31T14:15:23","date_gmt":"2020-07-31T17:15:23","guid":{"rendered":"https:\/\/www.actualidadadiario.com\/?p=65003"},"modified":"2020-07-31T14:15:23","modified_gmt":"2020-07-31T17:15:23","slug":"el-senado-aprobo-por-unanimidad-el-canje-de-deuda-con-legislacion-local","status":"publish","type":"post","link":"https:\/\/www.actualidadadiario.com\/index.php\/2020\/07\/31\/el-senado-aprobo-por-unanimidad-el-canje-de-deuda-con-legislacion-local\/","title":{"rendered":"El Senado aprob\u00f3 por unanimidad el canje de deuda con legislaci\u00f3n local"},"content":{"rendered":"<p style=\"text-align: center;\"><em><strong>Son t\u00edtulos por m\u00e1s de 40 mil millones de d\u00f3lares que venc\u00edan durante el gobierno de Fern\u00e1ndez y se le ofrecer\u00e1n otros a plazos m\u00e1s largos. Lousteau logr\u00f3 una correcci\u00f3n para evitar juicios<\/strong><\/em><\/p>\n<p>&nbsp;<\/p>\n<p>&nbsp;<\/p>\n<p>El Senado aprob\u00f3 por unanimidad el proyecto de ley para ofrecer un canje de deuda a los tenedores locales en las mismas condiciones de la oferta que negocian por estos d\u00edas en Wall Street, con una correcci\u00f3n que propuso el radical Mart\u00edn Lousteau con el objetivo de evitar juicios.<\/p>\n<p>Logr\u00f3 reformular la redacci\u00f3n de un p\u00e1rrafo del anexo 2, que explica las condiciones del canje y abre la puerta a retocarlo si los bonistas extranjeros logran mejorar la oferta que le acerc\u00f3 el ministro de Hacienda Mart\u00edn Guzm\u00e1n. Lo hab\u00eda habilitado a modificar el secretario de Finanzas Diego Bastourre, durante el debate en comisi\u00f3n. Y lo acept\u00f3 en el recinto virtual el senador oficialista Carlos Caserio, presidente de la Comisi\u00f3n de Presupuesto.<\/p>\n<p>El texto dec\u00eda que &#8220;si durante el plazo comprendido entre el vencimiento de la Invitaci\u00f3n al Canje&#8221; Guzm\u00e1n realizara una mejor oferta a los bonistas extranjeros deb\u00eda igualarla. Se reemplaz\u00f3 invitaci\u00f3n por &#8220;entrada en vigencia de la ley&#8221;.<\/p>\n<p>&#8220;No creo que haya sido necesaria una ley para hacer esta oferta, si se present\u00f3, es porque lo pidieron los abogados de los bonistas&#8221;, sugiri\u00f3 Lousteau. Llam\u00f3 la atenci\u00f3n sobre la emisi\u00f3n de t\u00edtulos atados al Coeficiente de Estabilizaci\u00f3n de Referencia (CER), que no ser\u00edan convenientes y teme que puedan ser canjeados por organismos p\u00fablicos y ocasionarle p\u00e9rdidas.<\/p>\n<p>Entre los tenedores estar\u00eda el Fondo de Garant\u00edas de Sustentabilidad de Anses. Solicit\u00f3 que en tal caso puedan negociar un canje similar las provincias que acumulan vencimientos imposibles de pagar, entre ellas Mendoza, gobernada por el radical Rodolfo Su\u00e1rez. &#8220;Tom\u00f3 deuda al 7% en d\u00f3lares y ahora est\u00e1 de default.\u00a0 \u00a1Y ofreci\u00f3 75 centavos por d\u00f3lar!&#8221;, se alarm\u00f3 la kirchnerista mendocina Anabel Fern\u00e1ndez Sagasti.<\/p>\n<p>El canje contempla t\u00edtulos por 41.700 millones de d\u00f3lares emitidos con ley nacional, a trav\u00e9s de 29 bonos que podr\u00e1n intercambiarse por otros de m\u00e1s larga duraci\u00f3n.<\/p>\n<p>Son USD 33.159 millones por bonar, bono dual, bontes y letras pagaderas en d\u00f3lares, como LETES; y otros denominadas en d\u00f3lares que liquidan pesos (Lelinks). Y otros USD 8.555 millones por discount y par, ambos a pagar en moneda estadounidense. Los tenedores recibir\u00e1n por intereses devengados y no pagados bonos al 1% a 2030 y t\u00edtulos adicionales de BONCER 2026 y 2028, para la opci\u00f3n denominada en pesos.<\/p>\n<p>Para incentivar el ingreso, se reconocer\u00e1 el inter\u00e9s devengado de cada t\u00edtulo elegible desde la fecha del \u00faltimo pago al 4 de septiembre. Si se canjean despu\u00e9s, se computar\u00e1 s\u00f3lo hasta el \u00faltimo 6 de abril.\u00a0 Los que no adhieran al canje podr\u00e1n cobrar su t\u00edtulo reci\u00e9n el 31 de diciembre de 2021.<\/p>\n<p>El objetivo es patear intereses para adelante y aliviar los presupuestos de Alberto Fern\u00e1ndez. &#8220;Si miramos los pagos desde este a\u00f1o al 2024, hubiesen correspondido cubrir antes de la negociaci\u00f3n un total de 32.400 millones de d\u00f3lares, y vamos a estar cubriendo luego de la negociaci\u00f3n 2.152 millones de d\u00f3lares&#8221;, destac\u00f3 Caserio.<\/p>\n<p>&#8220;En diciembre de 2015 la deuda p\u00fablica representaba el 52,6% del PBI. En diciembre de 2019, luego del gobierno de Macri, representaba el 90% del PBI. La han duplicado en tiempos con plazos irracionales&#8221;, se lament\u00f3. M\u00e1s atr\u00e1s fue Oscar Parrilli. &#8220;Cuando N\u00e9stor Kirchner asumi\u00f3, la deuda externa superaba el 170% del PBI y en diciembre de 2015 la deuda era del 42% del PBI, y de la cual s\u00f3lo el 14% era en d\u00f3lares&#8221;.<\/p>\n<p>Les respondi\u00f3 Luis Naidenoff, jefe de Cambiemos. &#8220;Arrancaron a negociar con una inflexibilidad poco conocida. Y de la primera a la cuarta oferta ya vamos perdiendo 15.000 millones de d\u00f3lares. Ojal\u00e1 que el final sea feliz por el bien de todos los argentinos&#8221;.<\/p>\n<p>El cierre estuvo a cargo de su coterr\u00e1neo Jos\u00e9 Mayans. &#8220;El camino de la pol\u00edtica de la usura y la especulaci\u00f3n destruy\u00f3 la econom\u00eda del pa\u00eds. Tenemos que decirle a la gente lo que pas\u00f3, nada de mirar al pasado.\u00a0 Hay muchos que no quieren hablar de eso. Ahora quieren socializar la culpa. Nosotros no tuvimos la culpa. Nosotros no fuimos al Fondo Monetario Internacional, no aplicamos pol\u00edticas usurarias para el pueblo argentino, no compartimos lo que hicieron en el Banco Central, no tenemos nada que ver con eso&#8221;.<\/p>\n<p>Esteban Bullirch, del PRO, se molest\u00f3 por una menci\u00f3n a sus presupuestos, Cristina Kirchner le dio el descargo personal pero le cort\u00f3 la palabra cuando se fue de tema. No evit\u00f3 que se desmuteara y volviera a hablar encima de su micr\u00f3fono. &#8220;Estamos mal por las malas leyes que votamos&#8221;, se descarg\u00f3 el senador.<\/p>\n","protected":false},"excerpt":{"rendered":"<p>Son t\u00edtulos por m\u00e1s de 40 mil millones de d\u00f3lares que venc\u00edan durante el gobierno de Fern\u00e1ndez y se le ofrecer\u00e1n otros a plazos m\u00e1s largos. Lousteau logr\u00f3 una correcci\u00f3n para evitar juicios &nbsp; &nbsp; El Senado aprob\u00f3 por unanimidad el proyecto de ley para ofrecer un canje de deuda a los tenedores locales en las mismas condiciones de la oferta que negocian por estos d\u00edas en Wall Street, con una correcci\u00f3n que propuso el radical Mart\u00edn Lousteau con el objetivo de evitar juicios. Logr\u00f3 reformular la redacci\u00f3n de un&#8230;<\/p>\n","protected":false},"author":3,"featured_media":65004,"comment_status":"closed","ping_status":"closed","sticky":false,"template":"","format":"standard","meta":[],"categories":[18],"tags":[],"_links":{"self":[{"href":"https:\/\/www.actualidadadiario.com\/index.php\/wp-json\/wp\/v2\/posts\/65003"}],"collection":[{"href":"https:\/\/www.actualidadadiario.com\/index.php\/wp-json\/wp\/v2\/posts"}],"about":[{"href":"https:\/\/www.actualidadadiario.com\/index.php\/wp-json\/wp\/v2\/types\/post"}],"author":[{"embeddable":true,"href":"https:\/\/www.actualidadadiario.com\/index.php\/wp-json\/wp\/v2\/users\/3"}],"replies":[{"embeddable":true,"href":"https:\/\/www.actualidadadiario.com\/index.php\/wp-json\/wp\/v2\/comments?post=65003"}],"version-history":[{"count":1,"href":"https:\/\/www.actualidadadiario.com\/index.php\/wp-json\/wp\/v2\/posts\/65003\/revisions"}],"predecessor-version":[{"id":65005,"href":"https:\/\/www.actualidadadiario.com\/index.php\/wp-json\/wp\/v2\/posts\/65003\/revisions\/65005"}],"wp:featuredmedia":[{"embeddable":true,"href":"https:\/\/www.actualidadadiario.com\/index.php\/wp-json\/wp\/v2\/media\/65004"}],"wp:attachment":[{"href":"https:\/\/www.actualidadadiario.com\/index.php\/wp-json\/wp\/v2\/media?parent=65003"}],"wp:term":[{"taxonomy":"category","embeddable":true,"href":"https:\/\/www.actualidadadiario.com\/index.php\/wp-json\/wp\/v2\/categories?post=65003"},{"taxonomy":"post_tag","embeddable":true,"href":"https:\/\/www.actualidadadiario.com\/index.php\/wp-json\/wp\/v2\/tags?post=65003"}],"curies":[{"name":"wp","href":"https:\/\/api.w.org\/{rel}","templated":true}]}}