{"id":65000,"date":"2020-07-31T14:14:37","date_gmt":"2020-07-31T17:14:37","guid":{"rendered":"https:\/\/www.actualidadadiario.com\/?p=65000"},"modified":"2020-07-31T14:14:37","modified_gmt":"2020-07-31T17:14:37","slug":"es-el-estado-el-que-cuida-y-no-el-mercado","status":"publish","type":"post","link":"https:\/\/www.actualidadadiario.com\/index.php\/2020\/07\/31\/es-el-estado-el-que-cuida-y-no-el-mercado\/","title":{"rendered":"&#8220;Es el Estado el que cuida y no el mercado&#8221;"},"content":{"rendered":"<p style=\"text-align: center;\"><em><strong>El jefe de Gabinete reivindic\u00f3 la pol\u00edtica sanitaria del Gobierno. Cuestion\u00f3 tanto el discurso anticuarentena como el rechazo a la reforma por parte de la oposici\u00f3n<\/strong><\/em><\/p>\n<p>&nbsp;<\/p>\n<p>&nbsp;<\/p>\n<p>El discurso del jefe de Gabinete Santiago Cafiero ante los diputados dej\u00f3 en claro dos ejes del gobierno de Alberto Fern\u00e1ndez. Por un lado asegur\u00f3 que frente a la pandemia de coronavirus es &#8220;el Estado es el que te cuida, no el mercado&#8221;. En esa l\u00ednea cuestion\u00f3 los &#8220;discursos de odio, que le dicen a la gente que ya no hace falta cuidarse&#8221; y remarc\u00f3 que la salida de la pandemia debe ser con &#8220;sostenibilidad econ\u00f3mica, social y ambiental&#8221;. Por otra parte, destac\u00f3 la apuesta del presidente Alberto Fern\u00e1ndez al di\u00e1logo pol\u00edtico, record\u00f3 que se reuni\u00f3 con los titulares de todos los bloques legislativos y advirti\u00f3 que &#8220;el odio debilita nuestra democracia ya que (desde esa posici\u00f3n) no se puede dialogar ni construir nada&#8221;.<\/p>\n<p>El funcionario dedic\u00f3 buena parte de su discurso introductorio a enumerar las principales pol\u00edticas del gobierno para batallar al coronavirus. &#8220;Estamos haciendo un esfuerzo sin precedentes en el Estado. Tenemos que continuar con esta \u00e9tica humanitaria del cuidado&#8221;, enfatiz\u00f3 Cafiero, y agreg\u00f3: &#8220;No tiene que ser el logro de un Gobierno, que no lo es. Esto es el logro de una comunidad&#8221;. De este modo, record\u00f3 que &#8220;regresaron m\u00e1s de 80 mil argentinos varados&#8221;, que desarrollaron &#8220;una l\u00ednea de cr\u00e9ditos a tasa cero&#8221;, que &#8220;prepararon el sistema de salud con hospitales y respiradores&#8221;, que asistieron a nueve millones de personas con el IFE y a m\u00e1s de 300 mil empresas con el programa ATP, que paga el 50% de los salarios.<\/p>\n<p>Por otro lado, Cafiero destac\u00f3 el di\u00e1logo que mantuvieron desde la Casa Rosada con la oposici\u00f3n. Record\u00f3 que &#8220;70 funcionarios nacionales se presentaron en esta C\u00e1mara, 25 fueron ministros&#8221;, dijo pero tambi\u00e9n contrapuso esta actitud con la del gobierno de Macri al afirmar que &#8220;en todo el a\u00f1o pasado solo un ministro vino a esta casa&#8221;. &#8220;El Presidente los ha convocado, en tres oportunidades han tenido la posibilidad de encontrarse con \u00e9l y hablar a agenda abierta&#8221;, asegur\u00f3 Cafiero.<\/p>\n<p>El tono del discurso fue moderado, Cafiero evit\u00f3 gritos y solo recibi\u00f3 aplausos cuando termin\u00f3 la presentaci\u00f3n y cuando destac\u00f3 el trabajo de la secretaria de Acceso de la Salud, Carla Vizzotti, que estaba sentada a su izquierda. En el recinto tambi\u00e9n estuvieron presentes el secretario de Relaciones Parlamentarias, Fernando &#8220;Chino&#8221; Navarro, y la vicejefa de Gabinete, Cecilia Todesca.<\/p>\n<p>Las cr\u00edticas de la oposici\u00f3n giraron en torno a la moratoria, que ser\u00e1 debatida hoy en el recinto, la desaparici\u00f3n de Facundo Astudillo Castro, la &#8220;falta de un plan econ\u00f3mico&#8221; y la supuesta demora de Cafiero en presentarse en la C\u00e1mara baja. Sobre esto \u00faltimo, Waldo Wolff (PRO) pas\u00f3 un momento inc\u00f3modo. El diputado insisti\u00f3 en m\u00e1s de una oportunidad que el jefe de Gabinete &#8220;tard\u00f3 nueves meses&#8221; en presentarse ante los diputados. &#8220;Hace nueve meses era noviembre, hab\u00edamos ganado la elecci\u00f3n pero todav\u00eda no hab\u00edamos asumido&#8221;, le retruc\u00f3 Cafiero. Adem\u00e1s, explic\u00f3 que el primero de abril se hab\u00eda puesto a disposici\u00f3n del Congreso para presentarse, pero con la pandemia en el medio se alteraron los tiempos.<\/p>\n<p>Respecto a la desaparici\u00f3n de Facundo, que tiene en la mira de la investigaci\u00f3n a la Polic\u00eda bonaerense, Cafiero fue contundente: &#8220;En este gobierno no vamos a avalar ni encubrir a ning\u00fan polic\u00eda que eventualmente haya estado involucrado en la desaparici\u00f3n de Facundo&#8221;, sentenci\u00f3, y agreg\u00f3 que Alberto Fern\u00e1ndez &#8220;no va a recibir a ning\u00fan polic\u00eda que haya disparado por la espalda&#8221;, en referencia la doctrina Chocobar de la gesti\u00f3n macrista. &#8220;Nosotros practicamos los derechos humanos&#8221;, resalt\u00f3.<\/p>\n<p>Asimismo, el funcionario rechaz\u00f3 las cr\u00edticas de la bancada macrista sobre el proyecto de la moratoria. Dijo que &#8220;un talle a medida&#8221; le parec\u00eda el blanqueo de capitales de la gesti\u00f3n de Cambiemos. &#8220;Se vot\u00f3 en este Congreso con el compromiso de que no sea utilizado para familiares de funcionarios y el mismo presidente (Mauricio Macri) lo modific\u00f3 con un decreto. Ah\u00ed parece que la institucionalidad fall\u00f3&#8221;, agreg\u00f3.<\/p>\n<p>El cierre de Juntos por el Cambio estuvo a cargo del radical Mario Negri, quien intent\u00f3 indicar hacia d\u00f3nde debe ir la gesti\u00f3n econ\u00f3mica del gobierno: &#8220;Tenemos que definir qu\u00e9 vamos a exportar porque si no tenemos divisas de afuera no hay forma de que consuman adentro&#8221;. Luego dijo que &#8220;la democracia est\u00e1 en jaque&#8221; y que &#8220;la salida no es el populismo&#8221;.<\/p>\n<p>En tanto, el diputado Leonardo Grosso (FdT) repudi\u00f3 &#8220;todos los ataques&#8221; que Cafiero recibi\u00f3 por parte de la oposici\u00f3n. Tambi\u00e9n destac\u00f3 el trabajo en estos meses de pandemia y rechaz\u00f3 las cr\u00edticas a la econom\u00eda: &#8220;Hablan de econom\u00eda y nos dejaron un pa\u00eds arruinado, hablan de la violencia institucional y fueron sus promotores&#8221;, cerr\u00f3.<\/p>\n<p>En su \u00faltima intervenci\u00f3n, Cafiero cuestion\u00f3 a Juntos por el Cambio por haber rechazado la reforma judicial sin haber le\u00eddo el proyecto. &#8220;Fueron convocados a dar discusiones que no est\u00e1n dispuestos a dar, ese no es un buen camino&#8221;, dijo. De todas maneras, envi\u00f3 un mensaje de optimismo: &#8220;Soy un convencido de que con la recuperaci\u00f3n va a venir el momento de la reconstrucci\u00f3n de la Argentina, donde todos somos importantes y tenemos un rol para cumplir. De esta tambi\u00e9n nos vamos a volver a levantar&#8221;.<\/p>\n","protected":false},"excerpt":{"rendered":"<p>El jefe de Gabinete reivindic\u00f3 la pol\u00edtica sanitaria del Gobierno. Cuestion\u00f3 tanto el discurso anticuarentena como el rechazo a la reforma por parte de la oposici\u00f3n &nbsp; &nbsp; El discurso del jefe de Gabinete Santiago Cafiero ante los diputados dej\u00f3 en claro dos ejes del gobierno de Alberto Fern\u00e1ndez. Por un lado asegur\u00f3 que frente a la pandemia de coronavirus es &#8220;el Estado es el que te cuida, no el mercado&#8221;. En esa l\u00ednea cuestion\u00f3 los &#8220;discursos de odio, que le dicen a la gente que ya no hace falta&#8230;<\/p>\n","protected":false},"author":3,"featured_media":65001,"comment_status":"closed","ping_status":"closed","sticky":false,"template":"","format":"standard","meta":[],"categories":[9],"tags":[],"_links":{"self":[{"href":"https:\/\/www.actualidadadiario.com\/index.php\/wp-json\/wp\/v2\/posts\/65000"}],"collection":[{"href":"https:\/\/www.actualidadadiario.com\/index.php\/wp-json\/wp\/v2\/posts"}],"about":[{"href":"https:\/\/www.actualidadadiario.com\/index.php\/wp-json\/wp\/v2\/types\/post"}],"author":[{"embeddable":true,"href":"https:\/\/www.actualidadadiario.com\/index.php\/wp-json\/wp\/v2\/users\/3"}],"replies":[{"embeddable":true,"href":"https:\/\/www.actualidadadiario.com\/index.php\/wp-json\/wp\/v2\/comments?post=65000"}],"version-history":[{"count":1,"href":"https:\/\/www.actualidadadiario.com\/index.php\/wp-json\/wp\/v2\/posts\/65000\/revisions"}],"predecessor-version":[{"id":65002,"href":"https:\/\/www.actualidadadiario.com\/index.php\/wp-json\/wp\/v2\/posts\/65000\/revisions\/65002"}],"wp:featuredmedia":[{"embeddable":true,"href":"https:\/\/www.actualidadadiario.com\/index.php\/wp-json\/wp\/v2\/media\/65001"}],"wp:attachment":[{"href":"https:\/\/www.actualidadadiario.com\/index.php\/wp-json\/wp\/v2\/media?parent=65000"}],"wp:term":[{"taxonomy":"category","embeddable":true,"href":"https:\/\/www.actualidadadiario.com\/index.php\/wp-json\/wp\/v2\/categories?post=65000"},{"taxonomy":"post_tag","embeddable":true,"href":"https:\/\/www.actualidadadiario.com\/index.php\/wp-json\/wp\/v2\/tags?post=65000"}],"curies":[{"name":"wp","href":"https:\/\/api.w.org\/{rel}","templated":true}]}}