{"id":64988,"date":"2020-07-31T14:10:04","date_gmt":"2020-07-31T17:10:04","guid":{"rendered":"https:\/\/www.actualidadadiario.com\/?p=64988"},"modified":"2020-07-31T14:10:04","modified_gmt":"2020-07-31T17:10:04","slug":"anses-suma-nuevos-tramites-online","status":"publish","type":"post","link":"https:\/\/www.actualidadadiario.com\/index.php\/2020\/07\/31\/anses-suma-nuevos-tramites-online\/","title":{"rendered":"Anses suma nuevos tramites online"},"content":{"rendered":"<p style=\"text-align: center;\"><em><strong>El organismo previsional ampli\u00f3 las opciones de gesti\u00f3n a distancia en el marco de la cuarentena por coronavirus<\/strong><\/em><\/p>\n<p>&nbsp;<\/p>\n<p>&nbsp;<\/p>\n<p>La Administraci\u00f3n Nacional de la Seguridad Social (Anses) oficializ\u00f3 este viernes la ampliaci\u00f3n de tr\u00e1mites online que se podr\u00e1n gestionar desde su sitio web.<\/p>\n<p>A trav\u00e9s de la Resoluci\u00f3n 273 publicada este viernes en el Bolet\u00edn Oficial, la normativa se condice con la extensi\u00f3n de las medidas preventivas inauguradas en marzo por la pandemia de coronavirus.<\/p>\n<p>De esta forma, y bajo la operaci\u00f3n de la Direcci\u00f3n General de Dise\u00f1o de Normas y Procesos, las nuevas opciones de Atenci\u00f3n Virtual que se agregan son:<\/p>\n<ul>\n<li>Subsidio de Contenci\u00f3n Familiar;<\/li>\n<li>Actualizaci\u00f3n de Datos en Base de Personas (ADP);<\/li>\n<li>Tramitaci\u00f3n de la Autorizaci\u00f3n para el Cobro de la Asignaci\u00f3n por Hijo con Discapacidad.<\/li>\n<\/ul>\n<p>En tanto, la resoluci\u00f3n vuelve a enfatizar en que los titulares de cada jurisdicci\u00f3n, entidad u organismo, &#8220;deber\u00e1n continuar determinando las \u00e1reas esenciales o cr\u00edticas de prestaci\u00f3n de servicios indispensables para la comunidad, a efectos de asegurar su cobertura permanente&#8221;.<\/p>\n<p>&nbsp;<\/p>\n<p><strong>Qu\u00e9 tr\u00e1mites se pueden realizar de manera virtual en Anses <\/strong><\/p>\n<p>Con el inicio de la cuarentena, el 19 de marzo, la n\u00f3mina de opciones de gestiones online se ampli\u00f3. As\u00ed, desde el sitio web se puede encontrar:<\/p>\n<ul>\n<li>Asignaciones Familiares y Desempleo<\/li>\n<li>Asignaci\u00f3n por Embarazo para Protecci\u00f3n Social.<\/li>\n<li>Asignaci\u00f3n Prenatal.<\/li>\n<li>Asignaci\u00f3n por Maternidad \/ Maternidad Down.<\/li>\n<li>Prestaci\u00f3n por Desempleo<\/li>\n<li>Jubilaciones y pensiones<\/li>\n<li>Inicio de jubilaci\u00f3n<\/li>\n<li>Inicio de pensi\u00f3n por fallecimiento de un jubilado o de un trabajador en actividad.<\/li>\n<li>Rehabilitaci\u00f3n del cobro de una jubilaci\u00f3n o pensi\u00f3n<\/li>\n<li>Reclamo de un haber no cobrado de una jubilaci\u00f3n o pensi\u00f3n.<\/li>\n<li>Apoderados<\/li>\n<li>Apoderado para jubilados y pensionados.<\/li>\n<li>Apoderado para Asignaciones Familiares.<\/li>\n<li>Abogados: solicitar poder para tramitar.<\/li>\n<\/ul>\n<p>&nbsp;<\/p>\n<p><strong>C\u00f3mo acceder a la atenci\u00f3n virtual de Anses<\/strong><\/p>\n<ul>\n<li>Deber\u00e1s ingresar con tu n\u00famero de CUIL y Clave de la Seguridad Social. Si no cont\u00e1s con Clave pod\u00e9s generarla en el momento.<\/li>\n<li>La Atenci\u00f3n Virtual est\u00e1 disponible todos los d\u00edas de 00 a 20hs. Se admitir\u00e1n 60.000 tr\u00e1mites diarios.<\/li>\n<li>Es importante que actualices tus datos de contacto ya que ANSES responder\u00e1 tu consulta por correo electr\u00f3nico.<\/li>\n<\/ul>\n","protected":false},"excerpt":{"rendered":"<p>El organismo previsional ampli\u00f3 las opciones de gesti\u00f3n a distancia en el marco de la cuarentena por coronavirus &nbsp; &nbsp; La Administraci\u00f3n Nacional de la Seguridad Social (Anses) oficializ\u00f3 este viernes la ampliaci\u00f3n de tr\u00e1mites online que se podr\u00e1n gestionar desde su sitio web. A trav\u00e9s de la Resoluci\u00f3n 273 publicada este viernes en el Bolet\u00edn Oficial, la normativa se condice con la extensi\u00f3n de las medidas preventivas inauguradas en marzo por la pandemia de coronavirus. De esta forma, y bajo la operaci\u00f3n de la Direcci\u00f3n General de Dise\u00f1o de&#8230;<\/p>\n","protected":false},"author":3,"featured_media":64989,"comment_status":"closed","ping_status":"closed","sticky":false,"template":"","format":"standard","meta":[],"categories":[2],"tags":[],"_links":{"self":[{"href":"https:\/\/www.actualidadadiario.com\/index.php\/wp-json\/wp\/v2\/posts\/64988"}],"collection":[{"href":"https:\/\/www.actualidadadiario.com\/index.php\/wp-json\/wp\/v2\/posts"}],"about":[{"href":"https:\/\/www.actualidadadiario.com\/index.php\/wp-json\/wp\/v2\/types\/post"}],"author":[{"embeddable":true,"href":"https:\/\/www.actualidadadiario.com\/index.php\/wp-json\/wp\/v2\/users\/3"}],"replies":[{"embeddable":true,"href":"https:\/\/www.actualidadadiario.com\/index.php\/wp-json\/wp\/v2\/comments?post=64988"}],"version-history":[{"count":1,"href":"https:\/\/www.actualidadadiario.com\/index.php\/wp-json\/wp\/v2\/posts\/64988\/revisions"}],"predecessor-version":[{"id":64990,"href":"https:\/\/www.actualidadadiario.com\/index.php\/wp-json\/wp\/v2\/posts\/64988\/revisions\/64990"}],"wp:featuredmedia":[{"embeddable":true,"href":"https:\/\/www.actualidadadiario.com\/index.php\/wp-json\/wp\/v2\/media\/64989"}],"wp:attachment":[{"href":"https:\/\/www.actualidadadiario.com\/index.php\/wp-json\/wp\/v2\/media?parent=64988"}],"wp:term":[{"taxonomy":"category","embeddable":true,"href":"https:\/\/www.actualidadadiario.com\/index.php\/wp-json\/wp\/v2\/categories?post=64988"},{"taxonomy":"post_tag","embeddable":true,"href":"https:\/\/www.actualidadadiario.com\/index.php\/wp-json\/wp\/v2\/tags?post=64988"}],"curies":[{"name":"wp","href":"https:\/\/api.w.org\/{rel}","templated":true}]}}