{"id":64980,"date":"2020-07-31T14:07:12","date_gmt":"2020-07-31T17:07:12","guid":{"rendered":"https:\/\/www.actualidadadiario.com\/?p=64980"},"modified":"2020-07-31T14:07:12","modified_gmt":"2020-07-31T17:07:12","slug":"trotta-si-hay-rebrotes-no-habra-vuelta-a-las-clases-en-el-interior","status":"publish","type":"post","link":"https:\/\/www.actualidadadiario.com\/index.php\/2020\/07\/31\/trotta-si-hay-rebrotes-no-habra-vuelta-a-las-clases-en-el-interior\/","title":{"rendered":"Trotta: &#8220;Si hay rebrotes, no habr\u00e1 vuelta a las clases en el interior&#8221;"},"content":{"rendered":"<p style=\"text-align: center;\"><em><strong>El ministro de Educaci\u00f3n reiter\u00f3 que el retorno a las aulas estar\u00e1 condicionado por el ritmo de la pandemia. &#8220;Las clases en CABA ser\u00e1n las \u00faltimas en volver&#8221;, dijo<\/strong><\/em><\/p>\n<p>&nbsp;<\/p>\n<p>&nbsp;<\/p>\n<p>El ministro de Educaci\u00f3n, Nicol\u00e1s Trotta, analiz\u00f3 la situaci\u00f3n del coronavirus en el pa\u00eds y remarc\u00f3 que &#8220;si hay rebrotes, no habr\u00e1 vuelta a las clases en el interior&#8221;, en referencia a aquellas provincias que registran pocos o ning\u00fan caso y que tienen pautado el regreso a las aulas en agosto.<\/p>\n<p>&#8220;Esto es un d\u00eda a d\u00eda. Vamos a avanzar siempre que la realidad epidemiol\u00f3gica lo permita, y si esa realidad cambia, por supuesto que van a cambiar nuestras decisiones&#8221;, afirm\u00f3 Trotta en di\u00e1logo con el canal C5N.<\/p>\n<p>En este sentido, el funcionario afirm\u00f3: &#8220;Venimos trabajando con 9 o 10 provincias en dar todos los pasos. Si cambia la situaci\u00f3n epidemiol\u00f3gica, cambia ese avance con respecto al regreso a las clases&#8221;.<\/p>\n<p>&#8220;Tenemos protocolos, tenemos procesos de readecuaci\u00f3n de las escuelas; estamos desplegando instancias de formaci\u00f3n de nuestros maestros en los aspectos epidemiol\u00f3gicos y tambi\u00e9n en los vinculados al impacto subjetivo de la pandemia, en c\u00f3mo vamos a recibir a los chicos despu\u00e9s de tantos meses sin ir a la escuela&#8221;, explic\u00f3.<\/p>\n<p>Con respecto a la Ciudad y la Provincia, los dos distritos donde se focaliza la mayor cantidad de casos, Trotta reiter\u00f3 que &#8220;la escuela es una de las \u00faltimas cuestiones que van a volver&#8221;. &#8220;En las condiciones que estamos hoy, es imposible proyectar un regreso&#8221;, dijo.<\/p>\n<p>Sin embargo, remarc\u00f3 que no todo el pa\u00eds est\u00e1 bajo las mismas condiciones: &#8220;Argentina tiene distintas realidades. Una cosa es la zona metropolitana y otras son provincias como San Juan y Santiago del Estero, que est\u00e1n proyectando, con mucho cuidado, un regreso seguro a las aulas&#8221;.<\/p>\n<p>&#8220;Se han sostenido los aprendizajes. Por supuesto que no se aprende lo mismo en la casa que en la escuela. Lo que no podemos garantizar que se aprende este a\u00f1o, lo vamos a trasladar hasta el a\u00f1o pr\u00f3ximo, pero hay que sostener este esfuerzo de docentes y estudiantes&#8221;, concluy\u00f3.<\/p>\n","protected":false},"excerpt":{"rendered":"<p>El ministro de Educaci\u00f3n reiter\u00f3 que el retorno a las aulas estar\u00e1 condicionado por el ritmo de la pandemia. &#8220;Las clases en CABA ser\u00e1n las \u00faltimas en volver&#8221;, dijo &nbsp; &nbsp; El ministro de Educaci\u00f3n, Nicol\u00e1s Trotta, analiz\u00f3 la situaci\u00f3n del coronavirus en el pa\u00eds y remarc\u00f3 que &#8220;si hay rebrotes, no habr\u00e1 vuelta a las clases en el interior&#8221;, en referencia a aquellas provincias que registran pocos o ning\u00fan caso y que tienen pautado el regreso a las aulas en agosto. &#8220;Esto es un d\u00eda a d\u00eda. Vamos a&#8230;<\/p>\n","protected":false},"author":3,"featured_media":62975,"comment_status":"closed","ping_status":"closed","sticky":false,"template":"","format":"standard","meta":[],"categories":[9],"tags":[],"_links":{"self":[{"href":"https:\/\/www.actualidadadiario.com\/index.php\/wp-json\/wp\/v2\/posts\/64980"}],"collection":[{"href":"https:\/\/www.actualidadadiario.com\/index.php\/wp-json\/wp\/v2\/posts"}],"about":[{"href":"https:\/\/www.actualidadadiario.com\/index.php\/wp-json\/wp\/v2\/types\/post"}],"author":[{"embeddable":true,"href":"https:\/\/www.actualidadadiario.com\/index.php\/wp-json\/wp\/v2\/users\/3"}],"replies":[{"embeddable":true,"href":"https:\/\/www.actualidadadiario.com\/index.php\/wp-json\/wp\/v2\/comments?post=64980"}],"version-history":[{"count":1,"href":"https:\/\/www.actualidadadiario.com\/index.php\/wp-json\/wp\/v2\/posts\/64980\/revisions"}],"predecessor-version":[{"id":64981,"href":"https:\/\/www.actualidadadiario.com\/index.php\/wp-json\/wp\/v2\/posts\/64980\/revisions\/64981"}],"wp:featuredmedia":[{"embeddable":true,"href":"https:\/\/www.actualidadadiario.com\/index.php\/wp-json\/wp\/v2\/media\/62975"}],"wp:attachment":[{"href":"https:\/\/www.actualidadadiario.com\/index.php\/wp-json\/wp\/v2\/media?parent=64980"}],"wp:term":[{"taxonomy":"category","embeddable":true,"href":"https:\/\/www.actualidadadiario.com\/index.php\/wp-json\/wp\/v2\/categories?post=64980"},{"taxonomy":"post_tag","embeddable":true,"href":"https:\/\/www.actualidadadiario.com\/index.php\/wp-json\/wp\/v2\/tags?post=64980"}],"curies":[{"name":"wp","href":"https:\/\/api.w.org\/{rel}","templated":true}]}}