{"id":64977,"date":"2020-07-31T14:06:26","date_gmt":"2020-07-31T17:06:26","guid":{"rendered":"https:\/\/www.actualidadadiario.com\/?p=64977"},"modified":"2020-07-31T14:06:26","modified_gmt":"2020-07-31T17:06:26","slug":"estamos-transitando-un-segundo-rebrote-en-la-provincia-destacaron-desde-salud","status":"publish","type":"post","link":"https:\/\/www.actualidadadiario.com\/index.php\/2020\/07\/31\/estamos-transitando-un-segundo-rebrote-en-la-provincia-destacaron-desde-salud\/","title":{"rendered":"\u201cEstamos transitando un segundo rebrote en la provincia\u201d, destacaron desde Salud"},"content":{"rendered":"<p style=\"text-align: center;\"><em><strong>As\u00ed lo inform\u00f3 la Secretaria de Salud Carina Reh, quien al respecto inform\u00f3 tambi\u00e9n que la tasa de incidencia acumulada de Entre R\u00edos \u201ces de 5,8 en relaci\u00f3n a la del pa\u00eds que es de 40,8, siendo importante mencionar que los pacientes actuales que adquieren la enfermedad son mayoritarios a menores de 60 a\u00f1os, siendo los de taza activa laboral y por ende de circulaci\u00f3n\u201d, coment\u00f3<\/strong><\/em><\/p>\n<p>&nbsp;<\/p>\n<p>&nbsp;<\/p>\n<p>\u201cEsto tiene que ver con el cuidado de adultos mayores y la vacunaci\u00f3n masiva que se llev\u00f3 adelante al inicio de la pandemia y a la vacunaci\u00f3n masiva de pacientes de riesgo\u201d, agreg\u00f3 luego, y afirm\u00f3: \u201cHoy estamos transitando con un segundo rebrote que est\u00e1 vinculado con pacientes repatriados, por lo que solicitamos a la gente que circule lo menos posible\u201d.<\/p>\n<p>Acto seguido sostuvo: \u201cLa provincia ha puesto en funcionamiento el sistema de telesalud para lograr disminuir la circulaci\u00f3n de la gente hacia la capital, evitando el contagio de pacientes del interior que ingresan en Paran\u00e1\u201d.<\/p>\n<p>\u201cHoy en d\u00eda la sensaci\u00f3n de disminuci\u00f3n se da por el temor en la poblaci\u00f3n para los controles debido a que de ser positivo tiene que quedar aislado 14 d\u00edas y tambi\u00e9n por la estigmatizaci\u00f3n que genera, sobre todo en las ciudades mas peque\u00f1as\u201d, indic\u00f3 posteriormente y recomend\u00f3 que las personas \u201cno tengan miedo de hacer las consultas\u201d.<\/p>\n<p>Respecto a nuevas restricciones, destac\u00f3 que la comunidad \u201cesta cansada de las restricciones y para ello la ciudadan\u00eda tiene que aprender a convivir con el virus para poder evitar las restricciones de circulaci\u00f3n y poder recuperar la econom\u00eda, dentro de esta nueva realidad., adquiriendo nuevas conductas acordes a esta pandemia\u201d.<\/p>\n<p>\u201cSi bien tenemos una disminuci\u00f3n de casos debemos seguir llevando adelante todo el sistema de cuidados en la circulaci\u00f3n y por ende del nivel de contagio\u201d, concluy\u00f3.<\/p>\n","protected":false},"excerpt":{"rendered":"<p>As\u00ed lo inform\u00f3 la Secretaria de Salud Carina Reh, quien al respecto inform\u00f3 tambi\u00e9n que la tasa de incidencia acumulada de Entre R\u00edos \u201ces de 5,8 en relaci\u00f3n a la del pa\u00eds que es de 40,8, siendo importante mencionar que los pacientes actuales que adquieren la enfermedad son mayoritarios a menores de 60 a\u00f1os, siendo los de taza activa laboral y por ende de circulaci\u00f3n\u201d, coment\u00f3 &nbsp; &nbsp; \u201cEsto tiene que ver con el cuidado de adultos mayores y la vacunaci\u00f3n masiva que se llev\u00f3 adelante al inicio de la&#8230;<\/p>\n","protected":false},"author":3,"featured_media":64978,"comment_status":"closed","ping_status":"closed","sticky":false,"template":"","format":"standard","meta":[],"categories":[15],"tags":[],"_links":{"self":[{"href":"https:\/\/www.actualidadadiario.com\/index.php\/wp-json\/wp\/v2\/posts\/64977"}],"collection":[{"href":"https:\/\/www.actualidadadiario.com\/index.php\/wp-json\/wp\/v2\/posts"}],"about":[{"href":"https:\/\/www.actualidadadiario.com\/index.php\/wp-json\/wp\/v2\/types\/post"}],"author":[{"embeddable":true,"href":"https:\/\/www.actualidadadiario.com\/index.php\/wp-json\/wp\/v2\/users\/3"}],"replies":[{"embeddable":true,"href":"https:\/\/www.actualidadadiario.com\/index.php\/wp-json\/wp\/v2\/comments?post=64977"}],"version-history":[{"count":1,"href":"https:\/\/www.actualidadadiario.com\/index.php\/wp-json\/wp\/v2\/posts\/64977\/revisions"}],"predecessor-version":[{"id":64979,"href":"https:\/\/www.actualidadadiario.com\/index.php\/wp-json\/wp\/v2\/posts\/64977\/revisions\/64979"}],"wp:featuredmedia":[{"embeddable":true,"href":"https:\/\/www.actualidadadiario.com\/index.php\/wp-json\/wp\/v2\/media\/64978"}],"wp:attachment":[{"href":"https:\/\/www.actualidadadiario.com\/index.php\/wp-json\/wp\/v2\/media?parent=64977"}],"wp:term":[{"taxonomy":"category","embeddable":true,"href":"https:\/\/www.actualidadadiario.com\/index.php\/wp-json\/wp\/v2\/categories?post=64977"},{"taxonomy":"post_tag","embeddable":true,"href":"https:\/\/www.actualidadadiario.com\/index.php\/wp-json\/wp\/v2\/tags?post=64977"}],"curies":[{"name":"wp","href":"https:\/\/api.w.org\/{rel}","templated":true}]}}