{"id":64975,"date":"2020-07-31T14:05:43","date_gmt":"2020-07-31T17:05:43","guid":{"rendered":"https:\/\/www.actualidadadiario.com\/?p=64975"},"modified":"2020-07-31T14:05:43","modified_gmt":"2020-07-31T17:05:43","slug":"este-viernes-en-entre-rios-se-registraron-nueve-nuevos-casos-de-coronavirus","status":"publish","type":"post","link":"https:\/\/www.actualidadadiario.com\/index.php\/2020\/07\/31\/este-viernes-en-entre-rios-se-registraron-nueve-nuevos-casos-de-coronavirus\/","title":{"rendered":"Este viernes en Entre R\u00edos se registraron nueve nuevos casos de coronavirus"},"content":{"rendered":"<p style=\"text-align: center;\"><em><strong>El \u00e1rea de Vigilancia Epidemiol\u00f3gica del Ministerio de Salud, confirm\u00f3 que este viernes en Entre R\u00edos se registraron nueve nuevos casos de coronavirus<\/strong><\/em><\/p>\n<p>&nbsp;<\/p>\n<p>&nbsp;<\/p>\n<p>El \u00e1rea de Vigilancia Epidemiol\u00f3gica del Ministerio de Salud, confirm\u00f3 que este viernes en Entre R\u00edos se registraron nueve nuevos casos de coronavirus.<\/p>\n<p>Los primeros seis casos fueron detectados en la ciudad de Paran\u00e1, tres de ellos tuvieron contacto estrecho con casos Covid-19 confirmados con anterioridad, y los otros tres sus respectivos nexos epidemiol\u00f3gicos se encuentran en estudio.<\/p>\n<p>Los siguientes dos casos pertenecen a la localidad de Gualeguaych\u00fa, un es contacto estrecho de un caso previo confirmado de Coronavirus y el restante su nexo epidemiol\u00f3gico se encuentra en investigaci\u00f3n.<\/p>\n<p>Finalmente, el \u00faltimo caso corresponde a la ciudad de Concepci\u00f3n del Uruguay y se trata de un paciente que tiene antecedente de viaje a Provincia con circulaci\u00f3n local, Buenos Aires.<\/p>\n<p>De ese modo, en la provincia son 804 los casos confirmados.<\/p>\n","protected":false},"excerpt":{"rendered":"<p>El \u00e1rea de Vigilancia Epidemiol\u00f3gica del Ministerio de Salud, confirm\u00f3 que este viernes en Entre R\u00edos se registraron nueve nuevos casos de coronavirus &nbsp; &nbsp; El \u00e1rea de Vigilancia Epidemiol\u00f3gica del Ministerio de Salud, confirm\u00f3 que este viernes en Entre R\u00edos se registraron nueve nuevos casos de coronavirus. Los primeros seis casos fueron detectados en la ciudad de Paran\u00e1, tres de ellos tuvieron contacto estrecho con casos Covid-19 confirmados con anterioridad, y los otros tres sus respectivos nexos epidemiol\u00f3gicos se encuentran en estudio. Los siguientes dos casos pertenecen a la&#8230;<\/p>\n","protected":false},"author":3,"featured_media":64110,"comment_status":"closed","ping_status":"closed","sticky":false,"template":"","format":"standard","meta":[],"categories":[15],"tags":[],"_links":{"self":[{"href":"https:\/\/www.actualidadadiario.com\/index.php\/wp-json\/wp\/v2\/posts\/64975"}],"collection":[{"href":"https:\/\/www.actualidadadiario.com\/index.php\/wp-json\/wp\/v2\/posts"}],"about":[{"href":"https:\/\/www.actualidadadiario.com\/index.php\/wp-json\/wp\/v2\/types\/post"}],"author":[{"embeddable":true,"href":"https:\/\/www.actualidadadiario.com\/index.php\/wp-json\/wp\/v2\/users\/3"}],"replies":[{"embeddable":true,"href":"https:\/\/www.actualidadadiario.com\/index.php\/wp-json\/wp\/v2\/comments?post=64975"}],"version-history":[{"count":1,"href":"https:\/\/www.actualidadadiario.com\/index.php\/wp-json\/wp\/v2\/posts\/64975\/revisions"}],"predecessor-version":[{"id":64976,"href":"https:\/\/www.actualidadadiario.com\/index.php\/wp-json\/wp\/v2\/posts\/64975\/revisions\/64976"}],"wp:featuredmedia":[{"embeddable":true,"href":"https:\/\/www.actualidadadiario.com\/index.php\/wp-json\/wp\/v2\/media\/64110"}],"wp:attachment":[{"href":"https:\/\/www.actualidadadiario.com\/index.php\/wp-json\/wp\/v2\/media?parent=64975"}],"wp:term":[{"taxonomy":"category","embeddable":true,"href":"https:\/\/www.actualidadadiario.com\/index.php\/wp-json\/wp\/v2\/categories?post=64975"},{"taxonomy":"post_tag","embeddable":true,"href":"https:\/\/www.actualidadadiario.com\/index.php\/wp-json\/wp\/v2\/tags?post=64975"}],"curies":[{"name":"wp","href":"https:\/\/api.w.org\/{rel}","templated":true}]}}