{"id":64959,"date":"2020-07-30T13:44:59","date_gmt":"2020-07-30T16:44:59","guid":{"rendered":"https:\/\/www.actualidadadiario.com\/?p=64959"},"modified":"2020-07-30T16:01:02","modified_gmt":"2020-07-30T19:01:02","slug":"trump-menciono-por-primera-vez-la-posibilidad-de-postergar-las-elecciones","status":"publish","type":"post","link":"https:\/\/www.actualidadadiario.com\/index.php\/2020\/07\/30\/trump-menciono-por-primera-vez-la-posibilidad-de-postergar-las-elecciones\/","title":{"rendered":"Trump mencion\u00f3 por primera vez la posibilidad de postergar las elecciones"},"content":{"rendered":"<p style=\"text-align: center;\"><em><strong>El magnate norteamericano habl\u00f3 por primera vez de la posibilidad de retrasar las elecciones en momentos en los que el pa\u00eds sufre la embestida de la epidemia del coronavirus<\/strong><\/em><\/p>\n<p>&nbsp;<\/p>\n<p>El presidente de Estados Unidos, Donald Trump, habl\u00f3 por primera vez sobre la posibilidad de postergar las elecciones presidenciales de su pa\u00eds, previstas para el 3 de noviembre pr\u00f3ximo, al cuestionar la posibilidad de que autorice la votaci\u00f3n universal por correo.<\/p>\n<p>El magnate norteamericano habl\u00f3 por primera vez de la posibilidad de &#8220;retrasar las elecciones hasta que las personas puedan votar de manera adecuada y segura&#8221;, en momentos en los que el pa\u00eds sufre la embestida de la epidemia del coronavirus.<\/p>\n<p>Las declaraciones del Trump fueron realizadas a trav\u00e9s de la red social Twitter, en las que critic\u00f3 los posibles cambios en la modalidad de votaci\u00f3n a causa de la crisis sanitaria.<\/p>\n<p>&#8220;Con la votaci\u00f3n universal por correo (no la votaci\u00f3n en ausencia, lo cual es bueno), 2020 ser\u00e1 la elecci\u00f3n m\u00e1s inactiva y fraudulenta de la historia. Ser\u00e1 una gran verg\u00fcenza para los Estados Unidos&#8221;, advirti\u00f3 el mandatario, quien plante\u00f3 la siguiente pregunta: &#8220;\u00bfRetrasar las elecciones hasta que las personas puedan votar de manera adecuada y segura?&#8221;.<\/p>\n<p>Las elecciones presidenciales norteamericanas est\u00e1n previstas para el 3 de noviembre, momento en el que Trump buscar\u00e1 ser reelecto frente al ex vicepresidente John Biden, candidato del Partido Dem\u00f3crata.<\/p>\n","protected":false},"excerpt":{"rendered":"<p>El magnate norteamericano habl\u00f3 por primera vez de la posibilidad de retrasar las elecciones en momentos en los que el pa\u00eds sufre la embestida de la epidemia del coronavirus &nbsp; El presidente de Estados Unidos, Donald Trump, habl\u00f3 por primera vez sobre la posibilidad de postergar las elecciones presidenciales de su pa\u00eds, previstas para el 3 de noviembre pr\u00f3ximo, al cuestionar la posibilidad de que autorice la votaci\u00f3n universal por correo. El magnate norteamericano habl\u00f3 por primera vez de la posibilidad de &#8220;retrasar las elecciones hasta que las personas puedan&#8230;<\/p>\n","protected":false},"author":3,"featured_media":64300,"comment_status":"closed","ping_status":"closed","sticky":false,"template":"","format":"standard","meta":[],"categories":[4],"tags":[],"_links":{"self":[{"href":"https:\/\/www.actualidadadiario.com\/index.php\/wp-json\/wp\/v2\/posts\/64959"}],"collection":[{"href":"https:\/\/www.actualidadadiario.com\/index.php\/wp-json\/wp\/v2\/posts"}],"about":[{"href":"https:\/\/www.actualidadadiario.com\/index.php\/wp-json\/wp\/v2\/types\/post"}],"author":[{"embeddable":true,"href":"https:\/\/www.actualidadadiario.com\/index.php\/wp-json\/wp\/v2\/users\/3"}],"replies":[{"embeddable":true,"href":"https:\/\/www.actualidadadiario.com\/index.php\/wp-json\/wp\/v2\/comments?post=64959"}],"version-history":[{"count":1,"href":"https:\/\/www.actualidadadiario.com\/index.php\/wp-json\/wp\/v2\/posts\/64959\/revisions"}],"predecessor-version":[{"id":64960,"href":"https:\/\/www.actualidadadiario.com\/index.php\/wp-json\/wp\/v2\/posts\/64959\/revisions\/64960"}],"wp:featuredmedia":[{"embeddable":true,"href":"https:\/\/www.actualidadadiario.com\/index.php\/wp-json\/wp\/v2\/media\/64300"}],"wp:attachment":[{"href":"https:\/\/www.actualidadadiario.com\/index.php\/wp-json\/wp\/v2\/media?parent=64959"}],"wp:term":[{"taxonomy":"category","embeddable":true,"href":"https:\/\/www.actualidadadiario.com\/index.php\/wp-json\/wp\/v2\/categories?post=64959"},{"taxonomy":"post_tag","embeddable":true,"href":"https:\/\/www.actualidadadiario.com\/index.php\/wp-json\/wp\/v2\/tags?post=64959"}],"curies":[{"name":"wp","href":"https:\/\/api.w.org\/{rel}","templated":true}]}}