{"id":64946,"date":"2020-07-30T13:41:08","date_gmt":"2020-07-30T16:41:08","guid":{"rendered":"https:\/\/www.actualidadadiario.com\/?p=64946"},"modified":"2020-07-30T16:01:02","modified_gmt":"2020-07-30T19:01:02","slug":"alberto-fernandez-respondio-a-las-criticas-de-la-oposicion-por-la-reforma-judicial","status":"publish","type":"post","link":"https:\/\/www.actualidadadiario.com\/index.php\/2020\/07\/30\/alberto-fernandez-respondio-a-las-criticas-de-la-oposicion-por-la-reforma-judicial\/","title":{"rendered":"Alberto Fern\u00e1ndez respondi\u00f3 a las cr\u00edticas de la oposici\u00f3n por la reforma judicial"},"content":{"rendered":"<p style=\"text-align: center;\"><em><strong>En el marco de la reforma judicial propuesta por el Gobierno nacional, y tras las cr\u00edticas recibidas, el presidente Alberto Fern\u00e1ndez aclar\u00f3 esta ma\u00f1ana que es \u201cun proyecto de ley que va al Congreso\u201d donde Juntos por el Cambio \u201ctiene todas las posibilidades de plantear sus pareceres y proponer correcciones\u201d. La decisi\u00f3n caus\u00f3 un fuerte rechazo en la oposici\u00f3n, quienes salieron a oponerse a este plan<\/strong><\/em><\/p>\n<p>&nbsp;<\/p>\n<p>En di\u00e1logo con Radio Con Vos, el mandatario nacional remarc\u00f3 en este sentido que \u201cestamos en un momento \u00fanico donde las decisiones no deben ser impuestas, sino que deben ser construidas. Ayer lo que se hizo fue mandar un proyecto de ley al Congreso donde la oposici\u00f3n tiene todas las posibilidades plantear sus pareceres y proponer sus correcciones\u201d.<\/p>\n<p>De esta manera, hizo hincapi\u00e9 en que \u201cestamos absolutamente abiertos a cambios porque lo \u00fanico que queremos es que la Justicia funcione de otro modo. No firmamos un decreto cambiando la Justicia\u201d. Adem\u00e1s, Alberto Fern\u00e1ndez se refiri\u00f3 a la comisi\u00f3n de especialistas que se cre\u00f3 para aconsejarlo sobre posibles cambios en la Corte Suprema de Justicia y el Consejo de la Magistratura.<\/p>\n<p>En este sentido, explic\u00f3: \u201cCreamos una comisi\u00f3n para que analice otros problemas de la Justicia que son muy t\u00e9cnicos. Esa comisi\u00f3n va a tener m\u00e1s de 90 d\u00edas para expedirse y darme los consejos que crean necesarios. Pueden ser posiciones diversas, no tiene que ser algo un\u00e1nime. Todo va a ir al Congreso despu\u00e9s\u201d. Adem\u00e1s, explic\u00f3 que \u201cla Corte funciona mal. No estamos viendo cu\u00e1ntos miembros tiene que tener la Corte. No es eso\u201d.<\/p>\n<p>De esta manera, el Presidente aprovech\u00f3 la ocasi\u00f3n para criticar a la gesti\u00f3n de Cambiemos, liderada por Mauricio Macri, respecto del plano judicial y sus procedimientos. \u201cDurante el \u00faltimo Gobierno se ha permitido cubrir juzgados federales con jueces que tienen el mismo sueldo. Eso me permitir\u00eda a m\u00ed cubrir cualquier juzgado federal con cualquier juez federal que sea amigo m\u00edo\u201d.<\/p>\n","protected":false},"excerpt":{"rendered":"<p>En el marco de la reforma judicial propuesta por el Gobierno nacional, y tras las cr\u00edticas recibidas, el presidente Alberto Fern\u00e1ndez aclar\u00f3 esta ma\u00f1ana que es \u201cun proyecto de ley que va al Congreso\u201d donde Juntos por el Cambio \u201ctiene todas las posibilidades de plantear sus pareceres y proponer correcciones\u201d. La decisi\u00f3n caus\u00f3 un fuerte rechazo en la oposici\u00f3n, quienes salieron a oponerse a este plan &nbsp; En di\u00e1logo con Radio Con Vos, el mandatario nacional remarc\u00f3 en este sentido que \u201cestamos en un momento \u00fanico donde las decisiones no&#8230;<\/p>\n","protected":false},"author":3,"featured_media":61646,"comment_status":"closed","ping_status":"closed","sticky":false,"template":"","format":"standard","meta":[],"categories":[18],"tags":[],"_links":{"self":[{"href":"https:\/\/www.actualidadadiario.com\/index.php\/wp-json\/wp\/v2\/posts\/64946"}],"collection":[{"href":"https:\/\/www.actualidadadiario.com\/index.php\/wp-json\/wp\/v2\/posts"}],"about":[{"href":"https:\/\/www.actualidadadiario.com\/index.php\/wp-json\/wp\/v2\/types\/post"}],"author":[{"embeddable":true,"href":"https:\/\/www.actualidadadiario.com\/index.php\/wp-json\/wp\/v2\/users\/3"}],"replies":[{"embeddable":true,"href":"https:\/\/www.actualidadadiario.com\/index.php\/wp-json\/wp\/v2\/comments?post=64946"}],"version-history":[{"count":1,"href":"https:\/\/www.actualidadadiario.com\/index.php\/wp-json\/wp\/v2\/posts\/64946\/revisions"}],"predecessor-version":[{"id":64947,"href":"https:\/\/www.actualidadadiario.com\/index.php\/wp-json\/wp\/v2\/posts\/64946\/revisions\/64947"}],"wp:featuredmedia":[{"embeddable":true,"href":"https:\/\/www.actualidadadiario.com\/index.php\/wp-json\/wp\/v2\/media\/61646"}],"wp:attachment":[{"href":"https:\/\/www.actualidadadiario.com\/index.php\/wp-json\/wp\/v2\/media?parent=64946"}],"wp:term":[{"taxonomy":"category","embeddable":true,"href":"https:\/\/www.actualidadadiario.com\/index.php\/wp-json\/wp\/v2\/categories?post=64946"},{"taxonomy":"post_tag","embeddable":true,"href":"https:\/\/www.actualidadadiario.com\/index.php\/wp-json\/wp\/v2\/tags?post=64946"}],"curies":[{"name":"wp","href":"https:\/\/api.w.org\/{rel}","templated":true}]}}