{"id":64941,"date":"2020-07-30T13:39:32","date_gmt":"2020-07-30T16:39:32","guid":{"rendered":"https:\/\/www.actualidadadiario.com\/?p=64941"},"modified":"2020-07-30T16:01:02","modified_gmt":"2020-07-30T19:01:02","slug":"teletrabajo-y-reestructuracion-de-la-duda-los-temas-del-senado-para-hoy","status":"publish","type":"post","link":"https:\/\/www.actualidadadiario.com\/index.php\/2020\/07\/30\/teletrabajo-y-reestructuracion-de-la-duda-los-temas-del-senado-para-hoy\/","title":{"rendered":"Teletrabajo y reestructuraci\u00f3n de la duda, los temas del Senado para hoy"},"content":{"rendered":"<p style=\"text-align: center;\"><em><strong>El Senado sesionar\u00e1 hoy para tratar el proyecto sobre sostenibilidad de la deuda emitida bajo legislaci\u00f3n local y la nueva ley de teletrabajo que el oficialismo buscar\u00e1 aprobar sin cambios, pese a objeciones de la oposici\u00f3n y del sector empresarial<\/strong><\/em><\/p>\n<p>&nbsp;<\/p>\n<p>&nbsp;<\/p>\n<p>La presidenta de la C\u00e1mara alta, Cristina Kirchner, convoc\u00f3 a una nueva sesi\u00f3n remota para este jueves a las 14:00 para avanzar con la votaci\u00f3n de esos dos proyectos.<\/p>\n<p>El proyecto sobre teletrabajo, que ya fue aprobado por la C\u00e1mara de Diputados, ser\u00eda convertido en ley por el oficialismo, que rechaz\u00f3 las propuestas de modificaciones hechas por Juntos por el Cambio y c\u00e1maras empresariales.<\/p>\n<p>La iniciativa establece una serie de principios generales para la nueva modalidad laboral -extendida durante la pandemia de Covid-19 y el aislamiento- y deja las regulaciones espec\u00edficas en manos de los convenios colectivos de cada sector.<\/p>\n<p>El proyecto establece, entre otras cosas, que la remuneraci\u00f3n del teletrabajador no podr\u00e1 ser inferior a la que percibe el empleado que realiza tareas en modo presencial y fija el &#8220;derecho a la desconexi\u00f3n&#8221;.<\/p>\n<p>A su vez, se\u00f1ala que el teletrabajador podr\u00e1 revertir esa modalidad cuando quiera volver al trabajo presencial, lo cual es uno de los puntos m\u00e1s criticados por los empresarios, que consideran que esto chocar\u00eda con la capacidad de direcci\u00f3n y organizaci\u00f3n que compete a los empleadores.<\/p>\n<p>Durante el debate en la Comisi\u00f3n de Trabajo, del que participaron el ministro de Trabajo, Claudio Moroni, referentes de la CGT, la CTA y c\u00e1maras empresariales como la UIA e IDEA, la oposici\u00f3n critic\u00f3 el &#8220;apuro&#8221; por avanzar con la ley, que en caso de aprobarse empezar\u00eda a regir 90 d\u00edas despu\u00e9s de finalizado el aislamiento obligatorio.<\/p>\n","protected":false},"excerpt":{"rendered":"<p>El Senado sesionar\u00e1 hoy para tratar el proyecto sobre sostenibilidad de la deuda emitida bajo legislaci\u00f3n local y la nueva ley de teletrabajo que el oficialismo buscar\u00e1 aprobar sin cambios, pese a objeciones de la oposici\u00f3n y del sector empresarial &nbsp; &nbsp; La presidenta de la C\u00e1mara alta, Cristina Kirchner, convoc\u00f3 a una nueva sesi\u00f3n remota para este jueves a las 14:00 para avanzar con la votaci\u00f3n de esos dos proyectos. El proyecto sobre teletrabajo, que ya fue aprobado por la C\u00e1mara de Diputados, ser\u00eda convertido en ley por el&#8230;<\/p>\n","protected":false},"author":3,"featured_media":61270,"comment_status":"closed","ping_status":"closed","sticky":false,"template":"","format":"standard","meta":[],"categories":[18],"tags":[],"_links":{"self":[{"href":"https:\/\/www.actualidadadiario.com\/index.php\/wp-json\/wp\/v2\/posts\/64941"}],"collection":[{"href":"https:\/\/www.actualidadadiario.com\/index.php\/wp-json\/wp\/v2\/posts"}],"about":[{"href":"https:\/\/www.actualidadadiario.com\/index.php\/wp-json\/wp\/v2\/types\/post"}],"author":[{"embeddable":true,"href":"https:\/\/www.actualidadadiario.com\/index.php\/wp-json\/wp\/v2\/users\/3"}],"replies":[{"embeddable":true,"href":"https:\/\/www.actualidadadiario.com\/index.php\/wp-json\/wp\/v2\/comments?post=64941"}],"version-history":[{"count":1,"href":"https:\/\/www.actualidadadiario.com\/index.php\/wp-json\/wp\/v2\/posts\/64941\/revisions"}],"predecessor-version":[{"id":64942,"href":"https:\/\/www.actualidadadiario.com\/index.php\/wp-json\/wp\/v2\/posts\/64941\/revisions\/64942"}],"wp:featuredmedia":[{"embeddable":true,"href":"https:\/\/www.actualidadadiario.com\/index.php\/wp-json\/wp\/v2\/media\/61270"}],"wp:attachment":[{"href":"https:\/\/www.actualidadadiario.com\/index.php\/wp-json\/wp\/v2\/media?parent=64941"}],"wp:term":[{"taxonomy":"category","embeddable":true,"href":"https:\/\/www.actualidadadiario.com\/index.php\/wp-json\/wp\/v2\/categories?post=64941"},{"taxonomy":"post_tag","embeddable":true,"href":"https:\/\/www.actualidadadiario.com\/index.php\/wp-json\/wp\/v2\/tags?post=64941"}],"curies":[{"name":"wp","href":"https:\/\/api.w.org\/{rel}","templated":true}]}}