{"id":64934,"date":"2020-07-30T13:36:20","date_gmt":"2020-07-30T16:36:20","guid":{"rendered":"https:\/\/www.actualidadadiario.com\/?p=64934"},"modified":"2020-07-30T16:01:03","modified_gmt":"2020-07-30T19:01:03","slug":"formalizan-la-creacion-del-consejo-de-analisis-de-una-reforma-judicial","status":"publish","type":"post","link":"https:\/\/www.actualidadadiario.com\/index.php\/2020\/07\/30\/formalizan-la-creacion-del-consejo-de-analisis-de-una-reforma-judicial\/","title":{"rendered":"Formalizan la creaci\u00f3n del Consejo de an\u00e1lisis de una reforma judicial"},"content":{"rendered":"<p style=\"text-align: center;\"><em><strong>El Consejo Consultivo para el Fortalecimiento del Poder Judicial y del Ministerio P\u00fablico deber\u00e1 elaborar un dictamen con &#8220;propuestas y recomendaciones&#8221; al Ejecutivo sobre reformas a la justicia, entre ellas referidas a la Corte Suprema, en un plazo de 90 d\u00edas<\/strong><\/em><\/p>\n<p>&nbsp;<\/p>\n<p>&nbsp;<\/p>\n<p>El Gobierno nacional oficializ\u00f3 hoy la creaci\u00f3n del Consejo Consultivo para el Fortalecimiento del Poder Judicial y del Ministerio P\u00fablico, que a partir del 18 de agosto pr\u00f3ximo deber\u00e1 elaborar un dictamen con &#8220;propuestas y recomendaciones&#8221; al Ejecutivo sobre reformas a la justicia, entre ellas referidas a la Corte Suprema, en un plazo de 90 d\u00edas.<\/p>\n<p>As\u00ed lo hizo a trav\u00e9s de la publicaci\u00f3n del Decreto 635\/2020 publicado hoy en el Bolet\u00edn Oficial, firmado por el presidente Alberto Fern\u00e1ndez, quien hizo el anuncio ayer en la Casa Rosada.<\/p>\n<p>Los ejes sobre los que los juristas deber\u00e1n hacer sugerencias son una &#8220;descripci\u00f3n valorativa con especial indicaci\u00f3n de los problemas que se observan para el correcto funcionamiento de la Corte Suprema, del Consejo de la Magistratura, del Ministerio P\u00fablico Fiscal y del Ministerio P\u00fablico de la Defensa&#8221;, se\u00f1ala la norma.<\/p>\n<p>Asimismo, precisa que los juristas convocados deber\u00e1n analizar el &#8220;sistema de juicios por jurados&#8221; y los &#8220;criterios para dar cumplimiento de la manera m\u00e1s eficaz al mandato constitucional&#8221;.<\/p>\n<p>Tambi\u00e9n, la comisi\u00f3n deber\u00e1 evaluar el &#8220;modo de finalizar el proceso de transferencia de competencias en materia penal no federal a la Ciudad de Buenos Aires y la manera de reasignar funciones&#8221; al actual fuero Nacional en lo Criminal y Correccional porte\u00f1o.<\/p>\n<p>El decreto especifica que el dictamen que efect\u00fae el Consejo Consultivo &#8220;ser\u00e1 adoptado por mayor\u00eda de la totalidad de sus miembros e incluir\u00e1, en su caso, las disidencias y recomendaciones que cada integrante desee dejar planteadas&#8221;.<\/p>\n<p>Los integrantes son Claudia Beatriz Sbdar, Hilda Kogan, Mar\u00eda del Carmen Battani, Marisa Herrera, In\u00e9s Weinberg de Roca, Carlos Alberto Beraldi, Andr\u00e9s Gil Dom\u00ednguez, Omar Palermo, Ra\u00fal Gustavo Ferreyra, Le\u00f3n Carlos Arslanian y Enrique Bacigalupo.<\/p>\n<p>En los considerandos de la norma, se se\u00f1ala la necesidad de que el trabajo del Consejo &#8220;se encamine sobre la base de pasos firmes y amplios consensos&#8221;, y se\u00f1ala que, por eso, se eligi\u00f3 a &#8220;personalidades del \u00e1mbito del Derecho&#8221; que &#8220;demostraron en su trayectoria un compromiso con la defensa de los principios b\u00e1sicos que hacen a la vigencia del Estado de Derecho&#8221;.<\/p>\n<p>El organismo de juristas funcionar\u00e1 en el \u00e1mbito de la Presidencia de la Naci\u00f3n.<\/p>\n","protected":false},"excerpt":{"rendered":"<p>El Consejo Consultivo para el Fortalecimiento del Poder Judicial y del Ministerio P\u00fablico deber\u00e1 elaborar un dictamen con &#8220;propuestas y recomendaciones&#8221; al Ejecutivo sobre reformas a la justicia, entre ellas referidas a la Corte Suprema, en un plazo de 90 d\u00edas &nbsp; &nbsp; El Gobierno nacional oficializ\u00f3 hoy la creaci\u00f3n del Consejo Consultivo para el Fortalecimiento del Poder Judicial y del Ministerio P\u00fablico, que a partir del 18 de agosto pr\u00f3ximo deber\u00e1 elaborar un dictamen con &#8220;propuestas y recomendaciones&#8221; al Ejecutivo sobre reformas a la justicia, entre ellas referidas a&#8230;<\/p>\n","protected":false},"author":3,"featured_media":64927,"comment_status":"closed","ping_status":"closed","sticky":false,"template":"","format":"standard","meta":[],"categories":[18],"tags":[],"_links":{"self":[{"href":"https:\/\/www.actualidadadiario.com\/index.php\/wp-json\/wp\/v2\/posts\/64934"}],"collection":[{"href":"https:\/\/www.actualidadadiario.com\/index.php\/wp-json\/wp\/v2\/posts"}],"about":[{"href":"https:\/\/www.actualidadadiario.com\/index.php\/wp-json\/wp\/v2\/types\/post"}],"author":[{"embeddable":true,"href":"https:\/\/www.actualidadadiario.com\/index.php\/wp-json\/wp\/v2\/users\/3"}],"replies":[{"embeddable":true,"href":"https:\/\/www.actualidadadiario.com\/index.php\/wp-json\/wp\/v2\/comments?post=64934"}],"version-history":[{"count":1,"href":"https:\/\/www.actualidadadiario.com\/index.php\/wp-json\/wp\/v2\/posts\/64934\/revisions"}],"predecessor-version":[{"id":64935,"href":"https:\/\/www.actualidadadiario.com\/index.php\/wp-json\/wp\/v2\/posts\/64934\/revisions\/64935"}],"wp:featuredmedia":[{"embeddable":true,"href":"https:\/\/www.actualidadadiario.com\/index.php\/wp-json\/wp\/v2\/media\/64927"}],"wp:attachment":[{"href":"https:\/\/www.actualidadadiario.com\/index.php\/wp-json\/wp\/v2\/media?parent=64934"}],"wp:term":[{"taxonomy":"category","embeddable":true,"href":"https:\/\/www.actualidadadiario.com\/index.php\/wp-json\/wp\/v2\/categories?post=64934"},{"taxonomy":"post_tag","embeddable":true,"href":"https:\/\/www.actualidadadiario.com\/index.php\/wp-json\/wp\/v2\/tags?post=64934"}],"curies":[{"name":"wp","href":"https:\/\/api.w.org\/{rel}","templated":true}]}}