{"id":64932,"date":"2020-07-30T13:35:38","date_gmt":"2020-07-30T16:35:38","guid":{"rendered":"https:\/\/www.actualidadadiario.com\/?p=64932"},"modified":"2020-07-30T16:01:03","modified_gmt":"2020-07-30T19:01:03","slug":"el-gobierno-insistira-con-el-impuesto-a-los-ricos-al-que-ahora-llama-aporte-extraordinario","status":"publish","type":"post","link":"https:\/\/www.actualidadadiario.com\/index.php\/2020\/07\/30\/el-gobierno-insistira-con-el-impuesto-a-los-ricos-al-que-ahora-llama-aporte-extraordinario\/","title":{"rendered":"El Gobierno insistir\u00e1 con el impuesto a los ricos, al que ahora llama &#8220;aporte extraordinario&#8221;"},"content":{"rendered":"<p style=\"text-align: center;\"><em><strong>El proyecto de ley ser\u00e1 presentado la pr\u00f3xima semana. La recaudaci\u00f3n rondar\u00eda los US$3.000 millones y tendr\u00e1 cuatro destinos<\/strong><\/em><\/p>\n<p>&nbsp;<\/p>\n<p>Una vez encaminado el tratamiento legislativo de la moratoria y la ampliaci\u00f3n del Presupuesto Nacional 2020, los diputados del Frente de Todos insistir\u00e1n con el llamado &#8220;impuesto a los ricos&#8221;, que en realidad hasta ahora no tiene estado parlamentario, sino que s\u00f3lo se conocen algunos de sus detalles. Por ejemplo, que sus principales impulsores e ide\u00f3logos son Carlos Heller y M\u00e1ximo Kirchner.<\/p>\n<p>Para ello, en el kircherismo aseguran que antes deber\u00e1n tener -por lo menos- dictamen de comisi\u00f3n en el proyecto de moratoria (se consigui\u00f3 ayer) como en la ambiciosa ampliaci\u00f3n del Presupuesto 2020 (se cay\u00f3 la sesi\u00f3n de comisi\u00f3n de hoy, intentar\u00e1n aprobar el dictamen ma\u00f1ana). &#8220;Cuando hayamos dado esos dos pasos, presentaremos el proyecto de ley del aporte extraordinario. Est\u00e1 planteado como el tercer paso, con moratoria y presupuesto antecedi\u00e9ndolos&#8221;, anticip\u00f3 una fuente del Frente de Todos.<\/p>\n<p>La base imponible del proyecto rondar\u00e1 los $ 200 millones, o una cifra cercana a los 3 millones de d\u00f3lares al tipo de cambio oficial. La al\u00edcuota m\u00ednima estar\u00e1 en el 1,5% o el 2%. De esta forma, una persona cuyo patrimonio es del m\u00ednimo imponible, deber\u00e1 realizar un aporte extraordinario de $ 3 millones (si la al\u00edcuota es de 1,5%) o $ 4 millones (si llega a dos puntos). A medida que el patrimonio crezca la al\u00edcuota ser\u00e1 mayor, llegando al 3% o 3,5%.<\/p>\n<p>Para minimizar su impacto, los impulsores del proyecto se\u00f1alan que son alrededor de 11.000 argentinos (sobre un total de 45 millones) los que deber\u00e1n enfrentar este impuesto, y juran que es por \u00fanica vez, de all\u00ed que insistan con el concepto de &#8220;aporte extraordinario&#8221;. Las fuentes consultadas afirman que &#8220;no se trata de mostrar la cara de los ricos ni nada por el estilo, sino de generar el consenso que nos servir\u00e1 para enfrentar la agenda y las necesidades pos-pandemia&#8221;. E insisten que &#8220;no es una bandera ideol\u00f3gica, sino una respuesta a la crisis econ\u00f3mica que gener\u00f3 la pandemia del COVID-19&#8221;.<\/p>\n<p>Seg\u00fan se\u00f1al\u00f3 el propio Carlos Heller, redactor e impulsor del proyecto, si se vuelve ley aportar\u00e1 una recaudaci\u00f3n extra de u$s 3.000 millones. En cuanto a las aplicaciones del dinero recaudado, el proyecto de ley propondr\u00e1 cuatro: compra de aparatos m\u00e9dicos para hospitales p\u00fablicos, urbanizaci\u00f3n de barrios populares (hist\u00f3ricamente llamados villas), incentivos para peque\u00f1as y medianas empresas, proyectos de gas a trav\u00e9s de YPF.<\/p>\n<p>La pretensi\u00f3n del oficialismo es que el proyecto sea presentado a comienzos de agosto (la semana pr\u00f3xima o la siguiente), se transforme en ley durante septiembre, y sea cobrado a partir de octubre. Las dudas no son con respecto al cronograma, sino sobre su implementaci\u00f3n. Por ejemplo, si los inmuebles de los 11.000 argentinos m\u00e1s ricos se tomar\u00e1n al valor fiscal o de mercado. O si la actual conducci\u00f3n de la AFIP, que no muestra aceptables resultados de recaudaci\u00f3n, es la m\u00e1s apta para cobrar un impuesto extraordinario.<\/p>\n","protected":false},"excerpt":{"rendered":"<p>El proyecto de ley ser\u00e1 presentado la pr\u00f3xima semana. La recaudaci\u00f3n rondar\u00eda los US$3.000 millones y tendr\u00e1 cuatro destinos &nbsp; Una vez encaminado el tratamiento legislativo de la moratoria y la ampliaci\u00f3n del Presupuesto Nacional 2020, los diputados del Frente de Todos insistir\u00e1n con el llamado &#8220;impuesto a los ricos&#8221;, que en realidad hasta ahora no tiene estado parlamentario, sino que s\u00f3lo se conocen algunos de sus detalles. Por ejemplo, que sus principales impulsores e ide\u00f3logos son Carlos Heller y M\u00e1ximo Kirchner. Para ello, en el kircherismo aseguran que antes&#8230;<\/p>\n","protected":false},"author":3,"featured_media":62454,"comment_status":"closed","ping_status":"closed","sticky":false,"template":"","format":"standard","meta":[],"categories":[18],"tags":[],"_links":{"self":[{"href":"https:\/\/www.actualidadadiario.com\/index.php\/wp-json\/wp\/v2\/posts\/64932"}],"collection":[{"href":"https:\/\/www.actualidadadiario.com\/index.php\/wp-json\/wp\/v2\/posts"}],"about":[{"href":"https:\/\/www.actualidadadiario.com\/index.php\/wp-json\/wp\/v2\/types\/post"}],"author":[{"embeddable":true,"href":"https:\/\/www.actualidadadiario.com\/index.php\/wp-json\/wp\/v2\/users\/3"}],"replies":[{"embeddable":true,"href":"https:\/\/www.actualidadadiario.com\/index.php\/wp-json\/wp\/v2\/comments?post=64932"}],"version-history":[{"count":1,"href":"https:\/\/www.actualidadadiario.com\/index.php\/wp-json\/wp\/v2\/posts\/64932\/revisions"}],"predecessor-version":[{"id":64933,"href":"https:\/\/www.actualidadadiario.com\/index.php\/wp-json\/wp\/v2\/posts\/64932\/revisions\/64933"}],"wp:featuredmedia":[{"embeddable":true,"href":"https:\/\/www.actualidadadiario.com\/index.php\/wp-json\/wp\/v2\/media\/62454"}],"wp:attachment":[{"href":"https:\/\/www.actualidadadiario.com\/index.php\/wp-json\/wp\/v2\/media?parent=64932"}],"wp:term":[{"taxonomy":"category","embeddable":true,"href":"https:\/\/www.actualidadadiario.com\/index.php\/wp-json\/wp\/v2\/categories?post=64932"},{"taxonomy":"post_tag","embeddable":true,"href":"https:\/\/www.actualidadadiario.com\/index.php\/wp-json\/wp\/v2\/tags?post=64932"}],"curies":[{"name":"wp","href":"https:\/\/api.w.org\/{rel}","templated":true}]}}