{"id":64919,"date":"2020-07-30T13:30:24","date_gmt":"2020-07-30T16:30:24","guid":{"rendered":"https:\/\/www.actualidadadiario.com\/?p=64919"},"modified":"2020-07-30T16:01:03","modified_gmt":"2020-07-30T19:01:03","slug":"la-region-centro-se-aferra-a-interes-chino-por-carne-de-cerdo","status":"publish","type":"post","link":"https:\/\/www.actualidadadiario.com\/index.php\/2020\/07\/30\/la-region-centro-se-aferra-a-interes-chino-por-carne-de-cerdo\/","title":{"rendered":"La Regi\u00f3n Centro se aferra a inter\u00e9s chino por carne de cerdo"},"content":{"rendered":"<p style=\"text-align: center;\"><em><strong>C\u00f3rdoba, Santa Fe y Entre R\u00edos preparan memor\u00e1ndum para instalaci\u00f3n de granjas de producci\u00f3n porcina en territorio argentino<\/strong><\/em><\/p>\n<p>&nbsp;<\/p>\n<p>&nbsp;<\/p>\n<p>Las provincias que integran la denominada Regi\u00f3n Centro, C\u00f3rdoba, Santa Fe y Entre R\u00edos, comenzaron a elaborar un formato productivo de cara a la firma inminente del memor\u00e1ndum de entendimiento entre el Gobierno nacional y el gobierno de la Rep\u00fablica Popular China para la instalaci\u00f3n de granjas de producci\u00f3n porcina en territorio argentino.<\/p>\n<p>El objetivo de estos distritos es recibir los capitales asi\u00e1ticos sin vulnerar el mercado interno y con estrictos cuidados ambientales y sanitarios.<\/p>\n<p>El puntapi\u00e9 inicial para estos trabajos se dio en un encuentro virtual entre las tres provincias implicadas y el Consejo Federal de Inversiones (CFI), reuni\u00f3n que cont\u00f3 con la secretaria de Gesti\u00f3n Federal, Candelaria Gonz\u00e1les del Pino, y el secretario de Agroalimentos, Jorge Torelli, en representaci\u00f3n de Santa Fe; el ministro de Agricultura de C\u00f3rdoba, Sergio Busso, y el secretario de Desarrollo Econ\u00f3mico y Emprendedor de Entre R\u00edos, Pedro Gebhart, entre otras autoridades.<\/p>\n<p>Acerca de estas potenciales inversiones, Torelli afirm\u00f3 que &#8220;es una oportunidad muy importante, que generar\u00eda much\u00edsimo empleo y arraigo rural. Lo m\u00e1s importante es que estar\u00edamos avanzando en el agregado de valor, transformando en carne los granos producidos en santa Fe. Las unidades productivas ser\u00edan alrededor de 12.500 madres y no habr\u00eda afectaciones del mercado interno porque todo lo producido ser\u00e1 para exportaci\u00f3n. La inversi\u00f3n fue planteada en ese formato&#8221;.<\/p>\n<p>Adem\u00e1s, el secretario precis\u00f3 que &#8220;es impensable que una empresa de esta magnitud no aplique las normas de bienestar animal y ambiental. Las granjas tendr\u00e1n una terminaci\u00f3n de todos sus efluentes en la generaci\u00f3n de biog\u00e1s y la autosuficiencia energ\u00e9tica. Tambi\u00e9n se exigir\u00e1n estrictas normas de bioseguridad tal como se hace en otros emplazamientos productivos de la provincia similares en cuanto a concentraci\u00f3n de animales&#8221;.<\/p>\n<p>Por otra parte, destac\u00f3 que Santa Fe &#8220;tiene le cereal, el personal capacitado, la industria frigor\u00edfica, v\u00edas f\u00e9rreas con posibilidad de transportar a bajos costos y puertos de salida&#8221;.<\/p>\n<p>&#8220;Tambi\u00e9n estamos pensando en que puedan intervenir modelos asociativos de peque\u00f1os y medianos productores que entreguen a los frigor\u00edficos para completar la capacidad operativa de las granjas, siempre y cuando estos productores no est\u00e9n dedicados hoy al mercado interno. Lo importante es no afectar al mercado interno y lograr un mayor ingreso de divisas con la exportacion de carne de cerdo a Cina&#8221;, concluy\u00f3 Torelli.<\/p>\n<p>En tanto, el ministro de Ambiente y Desarrollo Sostenible, Juan Cabandi\u00e9, plante\u00f3 sus reparos al convenio en el que viene trabajando Canciller\u00eda para facilitar la llegada de inversiones y multiplicar los criaderos industriales de cerdos, al sostener que es &#8220;un acuerdo&#8221; por el que hay que estar &#8220;en alerta&#8221;.<\/p>\n<p>&#8220;Este acuerdo nos pone en alerta. Tenemos que evaluar bien c\u00f3mo hacerlo, si vale la pena hacerlo. Obviamente est\u00e1 el sector productivo y lo que genera, pero yo creo que hay que tener una mirada hol\u00edstica integral. Por ganar algo en el corto plazo podemos tener serios problemas en el mediano y largo plazo&#8221;, advirti\u00f3.<\/p>\n","protected":false},"excerpt":{"rendered":"<p>C\u00f3rdoba, Santa Fe y Entre R\u00edos preparan memor\u00e1ndum para instalaci\u00f3n de granjas de producci\u00f3n porcina en territorio argentino &nbsp; &nbsp; Las provincias que integran la denominada Regi\u00f3n Centro, C\u00f3rdoba, Santa Fe y Entre R\u00edos, comenzaron a elaborar un formato productivo de cara a la firma inminente del memor\u00e1ndum de entendimiento entre el Gobierno nacional y el gobierno de la Rep\u00fablica Popular China para la instalaci\u00f3n de granjas de producci\u00f3n porcina en territorio argentino. El objetivo de estos distritos es recibir los capitales asi\u00e1ticos sin vulnerar el mercado interno y con&#8230;<\/p>\n","protected":false},"author":3,"featured_media":63562,"comment_status":"closed","ping_status":"closed","sticky":false,"template":"","format":"standard","meta":[],"categories":[2],"tags":[],"_links":{"self":[{"href":"https:\/\/www.actualidadadiario.com\/index.php\/wp-json\/wp\/v2\/posts\/64919"}],"collection":[{"href":"https:\/\/www.actualidadadiario.com\/index.php\/wp-json\/wp\/v2\/posts"}],"about":[{"href":"https:\/\/www.actualidadadiario.com\/index.php\/wp-json\/wp\/v2\/types\/post"}],"author":[{"embeddable":true,"href":"https:\/\/www.actualidadadiario.com\/index.php\/wp-json\/wp\/v2\/users\/3"}],"replies":[{"embeddable":true,"href":"https:\/\/www.actualidadadiario.com\/index.php\/wp-json\/wp\/v2\/comments?post=64919"}],"version-history":[{"count":1,"href":"https:\/\/www.actualidadadiario.com\/index.php\/wp-json\/wp\/v2\/posts\/64919\/revisions"}],"predecessor-version":[{"id":64920,"href":"https:\/\/www.actualidadadiario.com\/index.php\/wp-json\/wp\/v2\/posts\/64919\/revisions\/64920"}],"wp:featuredmedia":[{"embeddable":true,"href":"https:\/\/www.actualidadadiario.com\/index.php\/wp-json\/wp\/v2\/media\/63562"}],"wp:attachment":[{"href":"https:\/\/www.actualidadadiario.com\/index.php\/wp-json\/wp\/v2\/media?parent=64919"}],"wp:term":[{"taxonomy":"category","embeddable":true,"href":"https:\/\/www.actualidadadiario.com\/index.php\/wp-json\/wp\/v2\/categories?post=64919"},{"taxonomy":"post_tag","embeddable":true,"href":"https:\/\/www.actualidadadiario.com\/index.php\/wp-json\/wp\/v2\/tags?post=64919"}],"curies":[{"name":"wp","href":"https:\/\/api.w.org\/{rel}","templated":true}]}}