{"id":64905,"date":"2020-07-30T13:25:00","date_gmt":"2020-07-30T16:25:00","guid":{"rendered":"https:\/\/www.actualidadadiario.com\/?p=64905"},"modified":"2020-07-30T16:01:15","modified_gmt":"2020-07-30T19:01:15","slug":"este-jueves-en-entre-rios-se-registraron-22-nuevos-casos-de-coronavirus","status":"publish","type":"post","link":"https:\/\/www.actualidadadiario.com\/index.php\/2020\/07\/30\/este-jueves-en-entre-rios-se-registraron-22-nuevos-casos-de-coronavirus\/","title":{"rendered":"Este jueves en Entre R\u00edos se registraron 22 nuevos casos de coronavirus"},"content":{"rendered":"<p style=\"text-align: center;\"><em><strong>El \u00e1rea de Vigilancia Epidemiol\u00f3gica del Ministerio de Salud, confirm\u00f3 que este jueves en Entre R\u00edos se registraron 22 nuevos casos de coronavirus<\/strong><\/em><\/p>\n<p>&nbsp;<\/p>\n<p>Los 12 primeros corresponden al departamento Paran\u00e1, ocho son de la ciudad capital, de los cuales tres de ellos son contactos estrechos con casos Covid-19 confirmados con anterioridad y de los otros cinco, sus respectivos nexos epidemiol\u00f3gicos se encuentran en estudio. Otros dos casos fueron detectados en la localidad de San Benito y son contactos estrechos de casos confirmados previamente. Los \u00faltimos dos casos pertenecen a la localidad de Colonia Avellaneda, y sus nexos se encuentran en estudio.<\/p>\n<p>Asimismo, seis casos positivos pertenecen a la ciudad de Gualeguaych\u00fa, cinco de los cuales son contactos estrechos de casos previos confirmados de Coronavirus y el restante su nexo epidemiol\u00f3gico se encuentra en investigaci\u00f3n.<\/p>\n<p>Los siguientes tres casos corresponden al departamento Diamante, uno de la ciudad cabecera y dos de la localidad de General Ram\u00edrez. Todos ellos presentan contacto estrecho con casos confirmados previamente de Covid-19.<\/p>\n<p>Finalmente, un paciente fue detectado en la localidad de Chajar\u00ed , departamento Federaci\u00f3n, y su nexo epidemiol\u00f3gico se encuentra en estudio.<\/p>\n<p>De ese modo, en la provincia son 795 los casos confirmados.<\/p>\n","protected":false},"excerpt":{"rendered":"<p>El \u00e1rea de Vigilancia Epidemiol\u00f3gica del Ministerio de Salud, confirm\u00f3 que este jueves en Entre R\u00edos se registraron 22 nuevos casos de coronavirus &nbsp; Los 12 primeros corresponden al departamento Paran\u00e1, ocho son de la ciudad capital, de los cuales tres de ellos son contactos estrechos con casos Covid-19 confirmados con anterioridad y de los otros cinco, sus respectivos nexos epidemiol\u00f3gicos se encuentran en estudio. Otros dos casos fueron detectados en la localidad de San Benito y son contactos estrechos de casos confirmados previamente. Los \u00faltimos dos casos pertenecen a&#8230;<\/p>\n","protected":false},"author":3,"featured_media":62875,"comment_status":"closed","ping_status":"closed","sticky":false,"template":"","format":"standard","meta":[],"categories":[15],"tags":[],"_links":{"self":[{"href":"https:\/\/www.actualidadadiario.com\/index.php\/wp-json\/wp\/v2\/posts\/64905"}],"collection":[{"href":"https:\/\/www.actualidadadiario.com\/index.php\/wp-json\/wp\/v2\/posts"}],"about":[{"href":"https:\/\/www.actualidadadiario.com\/index.php\/wp-json\/wp\/v2\/types\/post"}],"author":[{"embeddable":true,"href":"https:\/\/www.actualidadadiario.com\/index.php\/wp-json\/wp\/v2\/users\/3"}],"replies":[{"embeddable":true,"href":"https:\/\/www.actualidadadiario.com\/index.php\/wp-json\/wp\/v2\/comments?post=64905"}],"version-history":[{"count":1,"href":"https:\/\/www.actualidadadiario.com\/index.php\/wp-json\/wp\/v2\/posts\/64905\/revisions"}],"predecessor-version":[{"id":64906,"href":"https:\/\/www.actualidadadiario.com\/index.php\/wp-json\/wp\/v2\/posts\/64905\/revisions\/64906"}],"wp:featuredmedia":[{"embeddable":true,"href":"https:\/\/www.actualidadadiario.com\/index.php\/wp-json\/wp\/v2\/media\/62875"}],"wp:attachment":[{"href":"https:\/\/www.actualidadadiario.com\/index.php\/wp-json\/wp\/v2\/media?parent=64905"}],"wp:term":[{"taxonomy":"category","embeddable":true,"href":"https:\/\/www.actualidadadiario.com\/index.php\/wp-json\/wp\/v2\/categories?post=64905"},{"taxonomy":"post_tag","embeddable":true,"href":"https:\/\/www.actualidadadiario.com\/index.php\/wp-json\/wp\/v2\/tags?post=64905"}],"curies":[{"name":"wp","href":"https:\/\/api.w.org\/{rel}","templated":true}]}}