{"id":64899,"date":"2020-07-30T13:23:29","date_gmt":"2020-07-30T16:23:29","guid":{"rendered":"https:\/\/www.actualidadadiario.com\/?p=64899"},"modified":"2020-07-30T16:01:15","modified_gmt":"2020-07-30T19:01:15","slug":"bordet-y-massa-abordaron-lineas-de-accion-para-reactivar-la-economia-en-la-pospandemia","status":"publish","type":"post","link":"https:\/\/www.actualidadadiario.com\/index.php\/2020\/07\/30\/bordet-y-massa-abordaron-lineas-de-accion-para-reactivar-la-economia-en-la-pospandemia\/","title":{"rendered":"Bordet y Massa abordaron l\u00edneas de acci\u00f3n para reactivar la econom\u00eda en la pospandemia"},"content":{"rendered":"<p style=\"text-align: center;\"><em><strong>El gobernador Gustavo Bordet se reuni\u00f3 con el presidente de la C\u00e1mara de Diputados de la Naci\u00f3n, Sergio Massa. Analizaron las estrategias de articulaci\u00f3n entre Naci\u00f3n y provincia para la reactivaci\u00f3n de la econom\u00eda en la pospandemia, centrada en la producci\u00f3n, el desarrollo y el trabajo<\/strong><\/em><\/p>\n<p>&nbsp;<\/p>\n<p>&#8220;Potenciar el desarrollo econ\u00f3mico, social y humano, la producci\u00f3n y la creaci\u00f3n de puestos de trabajo ser\u00e1n los ejes centrales de la estrategia para reactivar la econom\u00eda del pa\u00eds, y por supuesto de la provincia, en la pospandemia. De eso estuvimos hablando con el presidente de la C\u00e1mara de Diputados de la Naci\u00f3n, Sergio Massa&#8221;, expres\u00f3 Bordet al t\u00e9rmino del encuentro.<\/p>\n<p>El mandatario entrerriano detall\u00f3 que &#8220;dialogamos sobre la inclusi\u00f3n de la transferencia autom\u00e1tica de los fondos excedentes de Salto Grande en el Presupuesto Nacional para tener un flujo previsible de fondos que permitan ejecutar proyectos estrat\u00e9gicos para Entre R\u00edos&#8221;.<\/p>\n<p>Adem\u00e1s, &#8220;en el marco del plan de saneamiento y agua potable que viene llevando adelante el gobierno provincial, hablamos del proyecto para mejorar el abastecimiento a Paran\u00e1 y la extensi\u00f3n de la red a las localidades de San Benito, Oro Verde y Colonia Avellaneda que componen la regi\u00f3n metropolitana&#8221;, puntualiz\u00f3, y agreg\u00f3: &#8220;se trata de una obra que mejorar\u00e1 significativamente la calidad de vida de miles de entrerrianos, garantizando el acceso a un derecho fundamental como el agua&#8221;.<\/p>\n<p>Por \u00faltimo, Bordet consign\u00f3 que analizaron con el titular de la C\u00e1mara Baja nacional &#8220;la agenda la ampliaci\u00f3n de la moratoria 2020, que alcanzar\u00eda a m\u00e1s de 14 mil comercios, Pymes y productores entrerrrianos&#8221;. &#8220;Pol\u00edticas como esta expresan con claridad la intenci\u00f3n de nuestro presidente, Alberto Fern\u00e1ndez, de avanzar en la concreci\u00f3n de una estrategia de desarrollo e inclusi\u00f3n para el pa\u00eds que nos revertir el impacto de la pandemia en la econom\u00eda y la sociedad&#8221;.<\/p>\n","protected":false},"excerpt":{"rendered":"<p>El gobernador Gustavo Bordet se reuni\u00f3 con el presidente de la C\u00e1mara de Diputados de la Naci\u00f3n, Sergio Massa. Analizaron las estrategias de articulaci\u00f3n entre Naci\u00f3n y provincia para la reactivaci\u00f3n de la econom\u00eda en la pospandemia, centrada en la producci\u00f3n, el desarrollo y el trabajo &nbsp; &#8220;Potenciar el desarrollo econ\u00f3mico, social y humano, la producci\u00f3n y la creaci\u00f3n de puestos de trabajo ser\u00e1n los ejes centrales de la estrategia para reactivar la econom\u00eda del pa\u00eds, y por supuesto de la provincia, en la pospandemia. De eso estuvimos hablando con&#8230;<\/p>\n","protected":false},"author":3,"featured_media":64900,"comment_status":"closed","ping_status":"closed","sticky":false,"template":"","format":"standard","meta":[],"categories":[9,15],"tags":[],"_links":{"self":[{"href":"https:\/\/www.actualidadadiario.com\/index.php\/wp-json\/wp\/v2\/posts\/64899"}],"collection":[{"href":"https:\/\/www.actualidadadiario.com\/index.php\/wp-json\/wp\/v2\/posts"}],"about":[{"href":"https:\/\/www.actualidadadiario.com\/index.php\/wp-json\/wp\/v2\/types\/post"}],"author":[{"embeddable":true,"href":"https:\/\/www.actualidadadiario.com\/index.php\/wp-json\/wp\/v2\/users\/3"}],"replies":[{"embeddable":true,"href":"https:\/\/www.actualidadadiario.com\/index.php\/wp-json\/wp\/v2\/comments?post=64899"}],"version-history":[{"count":1,"href":"https:\/\/www.actualidadadiario.com\/index.php\/wp-json\/wp\/v2\/posts\/64899\/revisions"}],"predecessor-version":[{"id":64901,"href":"https:\/\/www.actualidadadiario.com\/index.php\/wp-json\/wp\/v2\/posts\/64899\/revisions\/64901"}],"wp:featuredmedia":[{"embeddable":true,"href":"https:\/\/www.actualidadadiario.com\/index.php\/wp-json\/wp\/v2\/media\/64900"}],"wp:attachment":[{"href":"https:\/\/www.actualidadadiario.com\/index.php\/wp-json\/wp\/v2\/media?parent=64899"}],"wp:term":[{"taxonomy":"category","embeddable":true,"href":"https:\/\/www.actualidadadiario.com\/index.php\/wp-json\/wp\/v2\/categories?post=64899"},{"taxonomy":"post_tag","embeddable":true,"href":"https:\/\/www.actualidadadiario.com\/index.php\/wp-json\/wp\/v2\/tags?post=64899"}],"curies":[{"name":"wp","href":"https:\/\/api.w.org\/{rel}","templated":true}]}}