{"id":64890,"date":"2020-07-29T13:06:45","date_gmt":"2020-07-29T16:06:45","guid":{"rendered":"https:\/\/www.actualidadadiario.com\/?p=64890"},"modified":"2020-07-30T16:01:15","modified_gmt":"2020-07-30T19:01:15","slug":"medicos-del-mundo-envia-un-equipo-de-emergencias-a-bolivia-en-respuesta-a-la-pandemia-de-covid-19","status":"publish","type":"post","link":"https:\/\/www.actualidadadiario.com\/index.php\/2020\/07\/29\/medicos-del-mundo-envia-un-equipo-de-emergencias-a-bolivia-en-respuesta-a-la-pandemia-de-covid-19\/","title":{"rendered":"M\u00e9dicos del Mundo env\u00eda un equipo de emergencias a Bolivia en respuesta a la pandemia de COVID-19"},"content":{"rendered":"<p style=\"text-align: center;\"><em><strong>La organizaci\u00f3n de ayuda humanitaria M\u00e9dicos del Mundo ha enviado a Bolivia un equipo con amplia experiencia en la gesti\u00f3n de emergencias destinado a apoyar y acompa\u00f1ar al personal sanitario boliviano en dos de las redes de salud del pa\u00eds en la atenci\u00f3n y resoluci\u00f3n de casos de COVID-19. Su objetivo es reforzar el acceso a los servicios de salud en condiciones de seguridad en un contexto marcado por el aumento diario de nuevos contagios, hasta superar los 70.000, y por m\u00e1s de 2.600 personas fallecidas a causa del virus<\/strong><\/em><\/p>\n<p>&nbsp;<\/p>\n<p>&nbsp;<\/p>\n<p>Seg\u00fan ha informado la organizaci\u00f3n en un comunicado, el equipo llega este jueves al pa\u00eds andino y est\u00e1 integrado por seis personas especialistas en las siguientes \u00e1reas: coordinaci\u00f3n, log\u00edstica, sanitaria, salud mental y apoyo psicosocial, g\u00e9nero, prevenci\u00f3n y control de infecciones y agua y saneamiento. Est\u00e1 previsto que durante los pr\u00f3ximos dos meses desempe\u00f1en su labor en tres municipios del Departamento de Santa Cruz (San Miguel, San Rafael y San Ignacio de Velasco), as\u00ed como en el municipio de Velasco de la provincia de Santiesteban.<\/p>\n<p>Parte del trabajo del equipo de M\u00e9dicos del Mundo estar\u00e1 enfocado a acompa\u00f1ar la puesta en marcha de protocolos de Prevenci\u00f3n y Control de la Infecci\u00f3n (PCI), el manejo de casos y la gesti\u00f3n de residuos. De esta manera, tratar\u00e1 de fortalecer las capacidades del personal de salud y del sistema sanitario en su conjunto y de contribuir a la reducci\u00f3n de las infecciones por COVID-19 del personal sanitario.<\/p>\n<p>Los miembros de la ONG desplazados a Bolivia ofrecer\u00e1n apoyo psicosocial a los equipos de primera l\u00ednea, integrados por m\u00e1s de 130 personas sanitarias y no sanitarias en la Red Velasco y 20 en la Red del municipio de Montero, junto a las que tambi\u00e9n colaborar\u00e1 de manera directa. Asimismo, realizar\u00e1 acciones de sensibilizaci\u00f3n (centradas en apoyo psicosocial y en violencia de g\u00e9nero) destinadas a t\u00e9cnicos del Servicio Legal Integral Municipal y trabajar\u00e1 con 22 autoridades de organizaciones sociales en labores de incidencia.<\/p>\n<p>La Red de Salud Velasco cuenta con un total de 25 centros de salud distribuidos en toda la provincia, mientras que la Red de Salud del municipio de Montero est\u00e1 conformada por 12 centros, de los que uno es un hospital con especialidades b\u00e1sicas, mientras que los restantes ofrecen Atenci\u00f3n Primaria de Salud. El personal de la Red de Salud asciende a cerca de 400 profesionales.<\/p>\n<p>El operativo de emergencias comenzar\u00e1 su labor con una evaluaci\u00f3n participativa de las necesidades. En este sentido, el equipo tambi\u00e9n se coordinar\u00e1 con organizaciones locales que trabajan con poblaciones en situaci\u00f3n vulnerable (LGBTQI+, personas con discapacidad, ind\u00edgenas, mujeres, etc.) para establecer colaboraciones y mecanismos de participaci\u00f3n que mejoren la calidad de la actuaci\u00f3n.<\/p>\n<p>M\u00e9dicos del Mundo est\u00e1 presente en Bolivia desde 2001 en municipios rurales pertenecientes a los departamentos de La Paz, Santa Cruz, Pando, Cochabamba, Chuquisaca y Potos\u00ed. Las acciones de la asociaci\u00f3n humanitaria se centran en la mejora del ejercicio del derecho a la salud de la poblaci\u00f3n m\u00e1s vulnerable como son las mujeres adolescentes y adultas mayoritariamente ind\u00edgenas. Bajo esa l\u00ednea se contribuye a fortalecer al sistema p\u00fablico de salud.<\/p>\n","protected":false},"excerpt":{"rendered":"<p>La organizaci\u00f3n de ayuda humanitaria M\u00e9dicos del Mundo ha enviado a Bolivia un equipo con amplia experiencia en la gesti\u00f3n de emergencias destinado a apoyar y acompa\u00f1ar al personal sanitario boliviano en dos de las redes de salud del pa\u00eds en la atenci\u00f3n y resoluci\u00f3n de casos de COVID-19. Su objetivo es reforzar el acceso a los servicios de salud en condiciones de seguridad en un contexto marcado por el aumento diario de nuevos contagios, hasta superar los 70.000, y por m\u00e1s de 2.600 personas fallecidas a causa del virus&#8230;<\/p>\n","protected":false},"author":3,"featured_media":64891,"comment_status":"closed","ping_status":"closed","sticky":false,"template":"","format":"standard","meta":[],"categories":[4],"tags":[],"_links":{"self":[{"href":"https:\/\/www.actualidadadiario.com\/index.php\/wp-json\/wp\/v2\/posts\/64890"}],"collection":[{"href":"https:\/\/www.actualidadadiario.com\/index.php\/wp-json\/wp\/v2\/posts"}],"about":[{"href":"https:\/\/www.actualidadadiario.com\/index.php\/wp-json\/wp\/v2\/types\/post"}],"author":[{"embeddable":true,"href":"https:\/\/www.actualidadadiario.com\/index.php\/wp-json\/wp\/v2\/users\/3"}],"replies":[{"embeddable":true,"href":"https:\/\/www.actualidadadiario.com\/index.php\/wp-json\/wp\/v2\/comments?post=64890"}],"version-history":[{"count":1,"href":"https:\/\/www.actualidadadiario.com\/index.php\/wp-json\/wp\/v2\/posts\/64890\/revisions"}],"predecessor-version":[{"id":64892,"href":"https:\/\/www.actualidadadiario.com\/index.php\/wp-json\/wp\/v2\/posts\/64890\/revisions\/64892"}],"wp:featuredmedia":[{"embeddable":true,"href":"https:\/\/www.actualidadadiario.com\/index.php\/wp-json\/wp\/v2\/media\/64891"}],"wp:attachment":[{"href":"https:\/\/www.actualidadadiario.com\/index.php\/wp-json\/wp\/v2\/media?parent=64890"}],"wp:term":[{"taxonomy":"category","embeddable":true,"href":"https:\/\/www.actualidadadiario.com\/index.php\/wp-json\/wp\/v2\/categories?post=64890"},{"taxonomy":"post_tag","embeddable":true,"href":"https:\/\/www.actualidadadiario.com\/index.php\/wp-json\/wp\/v2\/tags?post=64890"}],"curies":[{"name":"wp","href":"https:\/\/api.w.org\/{rel}","templated":true}]}}