{"id":64887,"date":"2020-07-29T13:05:59","date_gmt":"2020-07-29T16:05:59","guid":{"rendered":"https:\/\/www.actualidadadiario.com\/?p=64887"},"modified":"2020-07-30T16:01:15","modified_gmt":"2020-07-30T19:01:15","slug":"en-plena-pandemia-pinera-realiza-cambios-en-el-gabinete","status":"publish","type":"post","link":"https:\/\/www.actualidadadiario.com\/index.php\/2020\/07\/29\/en-plena-pandemia-pinera-realiza-cambios-en-el-gabinete\/","title":{"rendered":"En plena pandemia, Pi\u00f1era realiza cambios en el Gabinete"},"content":{"rendered":"<p style=\"text-align: center;\"><em><strong>El mandatario nombr\u00f3 a los nuevos ministros del Interior, Relaciones Exteriores, Defensa, Desarrollo Social, Secretar\u00eda General de la Presidencia y el vocero del Gobierno<\/strong><\/em><\/p>\n<p>&nbsp;<\/p>\n<p>&nbsp;<\/p>\n<p>El presidente de Chile, Sebasti\u00e1n Pi\u00f1era, cambi\u00f3 a seis miembros de su gabinete, en medio de la crisis sanitaria que vive el pa\u00eds, que ha dejado casi de 350.000 contagiados y m\u00e1s de 9.200 fallecidos, y luego de sufrir una dura derrota en el Parlamento que desnud\u00f3 importantes diferencias en su coalici\u00f3n oficialista.<\/p>\n<p>En una ceremonia en el Palacio de La Moneda, el mandatario nombr\u00f3 a los nuevos ministros del Interior -V\u00edctor P\u00e9rez-, Relaciones Exteriores -Andr\u00e9s Allamand-, Defensa -Mario Desbordes-, Desarrollo Social -Karla Rubilar-, Secretar\u00eda General de la Presidencia -Cristian Monckeberg- y al vocero del Gobierno -Jaime Bellolio.<\/p>\n<p>El cambio, el quinto en este segundo mandato de Pi\u00f1era, est\u00e1 marcado por la llegada de varios dirigentes que hasta ahora ocupaban una banca en el Parlamento.<\/p>\n<p>Dos de los cambios, sin embargo, son movimientos del anterior gabinete.<\/p>\n<p>La nueva titular de Desarrollo Social, Karla Rubilar, era hasta hoy vocera del Gobierno y ahora estar\u00e1 a cargo del ministerio que dirig\u00eda Cristi\u00e1n Monckeberg, quien a partir de este momento estar\u00e1 en la Secretaria General de Presidencia.<\/p>\n<p>Horas antes de la designaci\u00f3n, Rubilar hab\u00eda destacado la necesidad de alcanzar acuerdos sin importar la fuerza pol\u00edtica a la que pertenezcan los dirigentes.<\/p>\n<p>\u201cTenemos que aprender como coalici\u00f3n que debemos trabajar por los chilenos, ponernos de acuerdo. Si somos capaces de hacer eso y dejar nuestras diferencias para avanzar, sea del Gobierno o no, todo va a salir bien\u201d, declar\u00f3 en un programa de televisi\u00f3n en TVN.<\/p>\n<p>Dos de los dirigentes que salieron del Gobierno con este reacomodamiento -Gonzalo Blumel, ahora exministro de Interior, y Claudio Alvarado, extitular de la Secretaria General de Presidencia- fueron integrantes del Comit\u00e9 Pol\u00edtico de Pi\u00f1era, que no pudo convencer a varios de los diputados y senadores de la coalici\u00f3n oficialista Chile Vamos la semana pasada.<\/p>\n<p>El quiebre del oficialismo fue fundamental para que se apruebe la reforma constitucional para el retiro del 10% de fondos de pensiones, que rechazaba el Gobierno y que finalmente fue aprobada por el Parlamento el jueves y promulgada por Pi\u00f1era, un d\u00eda despu\u00e9s.<\/p>\n<p>Esta derrota legislativa se sum\u00f3 a los cuestionamientos cada vez m\u00e1s importantes sobre la gesti\u00f3n de la pandemia.<\/p>\n<p>Hasta la fecha se contabilizan 349.800 casos en todo el pa\u00eds y un total de 9.240 muertes por coronavirus, la tercera cifra m\u00e1s alta de Sudam\u00e9rica, solamente por detr\u00e1s de Brasil y Per\u00fa, y la octava del mundo, seg\u00fan la Organizaci\u00f3n Mundial de la Salud (OMS).<\/p>\n","protected":false},"excerpt":{"rendered":"<p>El mandatario nombr\u00f3 a los nuevos ministros del Interior, Relaciones Exteriores, Defensa, Desarrollo Social, Secretar\u00eda General de la Presidencia y el vocero del Gobierno &nbsp; &nbsp; El presidente de Chile, Sebasti\u00e1n Pi\u00f1era, cambi\u00f3 a seis miembros de su gabinete, en medio de la crisis sanitaria que vive el pa\u00eds, que ha dejado casi de 350.000 contagiados y m\u00e1s de 9.200 fallecidos, y luego de sufrir una dura derrota en el Parlamento que desnud\u00f3 importantes diferencias en su coalici\u00f3n oficialista. En una ceremonia en el Palacio de La Moneda, el mandatario&#8230;<\/p>\n","protected":false},"author":3,"featured_media":64888,"comment_status":"closed","ping_status":"closed","sticky":false,"template":"","format":"standard","meta":[],"categories":[4],"tags":[],"_links":{"self":[{"href":"https:\/\/www.actualidadadiario.com\/index.php\/wp-json\/wp\/v2\/posts\/64887"}],"collection":[{"href":"https:\/\/www.actualidadadiario.com\/index.php\/wp-json\/wp\/v2\/posts"}],"about":[{"href":"https:\/\/www.actualidadadiario.com\/index.php\/wp-json\/wp\/v2\/types\/post"}],"author":[{"embeddable":true,"href":"https:\/\/www.actualidadadiario.com\/index.php\/wp-json\/wp\/v2\/users\/3"}],"replies":[{"embeddable":true,"href":"https:\/\/www.actualidadadiario.com\/index.php\/wp-json\/wp\/v2\/comments?post=64887"}],"version-history":[{"count":1,"href":"https:\/\/www.actualidadadiario.com\/index.php\/wp-json\/wp\/v2\/posts\/64887\/revisions"}],"predecessor-version":[{"id":64889,"href":"https:\/\/www.actualidadadiario.com\/index.php\/wp-json\/wp\/v2\/posts\/64887\/revisions\/64889"}],"wp:featuredmedia":[{"embeddable":true,"href":"https:\/\/www.actualidadadiario.com\/index.php\/wp-json\/wp\/v2\/media\/64888"}],"wp:attachment":[{"href":"https:\/\/www.actualidadadiario.com\/index.php\/wp-json\/wp\/v2\/media?parent=64887"}],"wp:term":[{"taxonomy":"category","embeddable":true,"href":"https:\/\/www.actualidadadiario.com\/index.php\/wp-json\/wp\/v2\/categories?post=64887"},{"taxonomy":"post_tag","embeddable":true,"href":"https:\/\/www.actualidadadiario.com\/index.php\/wp-json\/wp\/v2\/tags?post=64887"}],"curies":[{"name":"wp","href":"https:\/\/api.w.org\/{rel}","templated":true}]}}