{"id":64885,"date":"2020-07-29T13:05:12","date_gmt":"2020-07-29T16:05:12","guid":{"rendered":"https:\/\/www.actualidadadiario.com\/?p=64885"},"modified":"2020-07-30T16:01:15","modified_gmt":"2020-07-30T19:01:15","slug":"america-latina-52-millones-de-personas-podrian-caer-en-la-pobreza-como-consecuencia-de-la-pandemia","status":"publish","type":"post","link":"https:\/\/www.actualidadadiario.com\/index.php\/2020\/07\/29\/america-latina-52-millones-de-personas-podrian-caer-en-la-pobreza-como-consecuencia-de-la-pandemia\/","title":{"rendered":"Am\u00e9rica Latina: 52 millones de personas podr\u00edan caer en la pobreza como consecuencia de la pandemia"},"content":{"rendered":"<p style=\"text-align: center;\"><em><strong>Un informe de Oxfam, confederaci\u00f3n internacional formada por diecinueve organizaciones no gubernamentales, indic\u00f3 que, desde marzo, aparecieron ocho nuevos &#8220;mil millonarios&#8221; en la regi\u00f3n en contra cara con las estimaciones que indican que 52 millones de personas se convertir\u00e1n en pobres y 40 millones perder\u00e1n sus empleos este a\u00f1o<\/strong><\/em><\/p>\n<p>&nbsp;<\/p>\n<p>&nbsp;<\/p>\n<p>La confederaci\u00f3n internacional Oxfam formada por 19 organizaciones no gubernamentales emiti\u00f3 un informe titulado &#8220;\u00bfQui\u00e9n paga la cuenta? Gravar la riqueza para enfrentar la crisis de la Covid-19 en Am\u00e9rica Latina y el Caribe&#8221; en el que analiza la grave situaci\u00f3n econ\u00f3mica en la que quedar\u00e1n expuestos los pa\u00edses de la regi\u00f3n tras la Pandemia y la ampliaci\u00f3n de la desigualdad en sus poblaciones.<\/p>\n<p>&#8220;Desde el principio de los confinamientos, han aparecido ocho nuevos mil millonarios en la regi\u00f3n, es decir un nuevo mil millonarios cada dos semanas, mientras se estima que hasta 52 millones de personas se convertir\u00e1n en pobres y 40 millones perder\u00e1n sus empleos este a\u00f1o&#8221; asegura el informe de Oxfam orientado a analizar Am\u00e9rica Latina y el Caribe.<\/p>\n<p>Tambi\u00e9n afirmaron que la riqueza de los &#8216;supermillonarios&#8217; de la regi\u00f3n creci\u00f3 un 17 % desde mediados de marzo, lo que implica unos u$s 48 200 millones que equivalen al 38 % del total de los paquetes de est\u00edmulo que el conjunto de Gobiernos activ\u00f3 y a nueve veces la intervenci\u00f3n del Fondo Monetario Internacional (FMI) con pr\u00e9stamos de urgencia en la regi\u00f3n (hasta el momento).<\/p>\n<p>Seg\u00fan las estimaciones de Oxfam, &#8220;la p\u00e9rdida de ingresos fiscales para este 2020 podr\u00eda rozar el 2 % del producto interno bruto (PIB) de la regi\u00f3n: u$s 113.391 millones, aproximadamente equivalente al 59 % de la inversi\u00f3n p\u00fablica en salud de toda la regi\u00f3n&#8221;. Tambi\u00e9n afirmaron que &#8220;ALyC, la regi\u00f3n m\u00e1s desigual del mundo, se enfrenta a un escenario de contracci\u00f3n econ\u00f3mica severa&#8221;.<\/p>\n<p>Seg\u00fan esta entidad &#8220;ser\u00e1 la regi\u00f3n que acusar\u00e1 el mayor desplome econ\u00f3mico del mundo a causa de la Pandemia, con una ca\u00edda del 9,4 % del PIB regional en 2020, pero tambi\u00e9n la que ver\u00e1 recuperaci\u00f3n m\u00e1s lenta. En tan s\u00f3lo 3 meses, el FMI ha empeorado en un 89% sus propias previsiones. La pobreza, la extrema pobreza y la desigualdad aumentar\u00e1n en todos los pa\u00edses de la regi\u00f3n&#8221;<\/p>\n<p>El informe de Oxfam tambi\u00e9n cita datos de la Comisi\u00f3n Econ\u00f3mica para Am\u00e9rica Latina y el Caribe (CEPAL) entidad que asever\u00f3 que &#8220;la desigualdad crecer\u00e1 este a\u00f1o por encima del 1,0 % de Gini, incluso en algunos pa\u00edses hasta un 8% de Gini&#8221;.<\/p>\n<p>&#8220;Antes de iniciarse la Pandemia, la regi\u00f3n ya se encontraba en serias dificultades, con un escenario de bajo crecimiento, alta desigualdad, niveles de informalidad laboral en torno al 53% y, aproximadamente, 150 millones de personas trabajando en la informalidad&#8221; indic\u00f3 Oxfam.<\/p>\n","protected":false},"excerpt":{"rendered":"<p>Un informe de Oxfam, confederaci\u00f3n internacional formada por diecinueve organizaciones no gubernamentales, indic\u00f3 que, desde marzo, aparecieron ocho nuevos &#8220;mil millonarios&#8221; en la regi\u00f3n en contra cara con las estimaciones que indican que 52 millones de personas se convertir\u00e1n en pobres y 40 millones perder\u00e1n sus empleos este a\u00f1o &nbsp; &nbsp; La confederaci\u00f3n internacional Oxfam formada por 19 organizaciones no gubernamentales emiti\u00f3 un informe titulado &#8220;\u00bfQui\u00e9n paga la cuenta? Gravar la riqueza para enfrentar la crisis de la Covid-19 en Am\u00e9rica Latina y el Caribe&#8221; en el que analiza la&#8230;<\/p>\n","protected":false},"author":3,"featured_media":51253,"comment_status":"closed","ping_status":"closed","sticky":false,"template":"","format":"standard","meta":[],"categories":[4],"tags":[],"_links":{"self":[{"href":"https:\/\/www.actualidadadiario.com\/index.php\/wp-json\/wp\/v2\/posts\/64885"}],"collection":[{"href":"https:\/\/www.actualidadadiario.com\/index.php\/wp-json\/wp\/v2\/posts"}],"about":[{"href":"https:\/\/www.actualidadadiario.com\/index.php\/wp-json\/wp\/v2\/types\/post"}],"author":[{"embeddable":true,"href":"https:\/\/www.actualidadadiario.com\/index.php\/wp-json\/wp\/v2\/users\/3"}],"replies":[{"embeddable":true,"href":"https:\/\/www.actualidadadiario.com\/index.php\/wp-json\/wp\/v2\/comments?post=64885"}],"version-history":[{"count":1,"href":"https:\/\/www.actualidadadiario.com\/index.php\/wp-json\/wp\/v2\/posts\/64885\/revisions"}],"predecessor-version":[{"id":64886,"href":"https:\/\/www.actualidadadiario.com\/index.php\/wp-json\/wp\/v2\/posts\/64885\/revisions\/64886"}],"wp:featuredmedia":[{"embeddable":true,"href":"https:\/\/www.actualidadadiario.com\/index.php\/wp-json\/wp\/v2\/media\/51253"}],"wp:attachment":[{"href":"https:\/\/www.actualidadadiario.com\/index.php\/wp-json\/wp\/v2\/media?parent=64885"}],"wp:term":[{"taxonomy":"category","embeddable":true,"href":"https:\/\/www.actualidadadiario.com\/index.php\/wp-json\/wp\/v2\/categories?post=64885"},{"taxonomy":"post_tag","embeddable":true,"href":"https:\/\/www.actualidadadiario.com\/index.php\/wp-json\/wp\/v2\/tags?post=64885"}],"curies":[{"name":"wp","href":"https:\/\/api.w.org\/{rel}","templated":true}]}}