{"id":64882,"date":"2020-07-29T13:04:23","date_gmt":"2020-07-29T16:04:23","guid":{"rendered":"https:\/\/www.actualidadadiario.com\/?p=64882"},"modified":"2020-07-30T16:01:15","modified_gmt":"2020-07-30T19:01:15","slug":"murio-gisele-halimi-figura-clave-del-feminismo-frances-y-mundial","status":"publish","type":"post","link":"https:\/\/www.actualidadadiario.com\/index.php\/2020\/07\/29\/murio-gisele-halimi-figura-clave-del-feminismo-frances-y-mundial\/","title":{"rendered":"Muri\u00f3 Gis\u00e8le Halimi, figura clave del feminismo franc\u00e9s y mundial"},"content":{"rendered":"<p style=\"text-align: center;\"><em><strong>La abogada franco-tunecina Gis\u00e8le Halimi muri\u00f3 este martes en Par\u00eds a los 93 a\u00f1os, tras una vida dedicada a la lucha por la igualdad y haber sido una de las caras m\u00e1s c\u00e9lebres del feminismo franc\u00e9s junto a figuras como Simone de Beauvoir<\/strong><\/em><\/p>\n<p>&nbsp;<\/p>\n<p>&nbsp;<\/p>\n<p>&nbsp;<\/p>\n<p>Nacida en 1927 en T\u00fanez, Zeiza Gis\u00e8le Elise Ta\u00efeb, su nombre de soltera, se cri\u00f3 en una familia jud\u00eda y conservadora que, como ella recordaba en sus memorias, escondi\u00f3 durante semanas su nacimiento porque su padre no quer\u00eda reconocer que hab\u00eda tenido una hija. Ya a los diez a\u00f1os inici\u00f3 una huelga de hambre en su casa para defender su derecho a la lectura, mientras se negaba a seguir las pr\u00e1cticas religiosas de la familia.<\/p>\n<p>A los 16 rechaz\u00f3 una propuesta de matrimonio concertado por sus padres y puso rumbo a Par\u00eds, donde estudi\u00f3 derecho y se instal\u00f3 definitivamente en 1956 al casarse con un administrador civil, Paul Halimi, de quien conserv\u00f3 el apellido, pese a divorciarse de \u00e9l y casarse de nuevo con Claude Faux, secretario del fil\u00f3sofo y escritor Jean-Paul Sartre, pareja de Simone de Beauvoir.<\/p>\n<p>Precisamente junto a Sartre se aline\u00f3 en favor de la independencia de Argelia en 1960, cuando defendi\u00f3 a la militante del Frente de Liberaci\u00f3n Nacional, Djamila Boupacha, acusada de haber puesto una bomba, que fue torturada y violada por soldados franceses. Halimi y De Beauvoir mediatizaron en &#8220;Le Monde&#8221; el caso de Boupacha, que fue condenada a muerte y posteriormente amnistiada. M\u00e1s tarde, escribieron un libro con una portada dibujada por Pablo Picasso, lo que contribuy\u00f3 a convertir a la joven argelina en un icono de la lucha independentista.<\/p>\n<p>&nbsp;<\/p>\n<p><strong>El Manifiesto de las 343 putas<\/strong><\/p>\n<p>Eso hizo a Halimi abogada de causas pol\u00edticas y la vincul\u00f3 a las luchas feministas: fue tambi\u00e9n una de las firmantes del Manifiesto de las 343, m\u00e1s conocido como &#8220;El manifiesto de las 343 putas&#8221;. Esa declaraci\u00f3n de 1971 fue una de las bases de la ley que en 1975 despenaliz\u00f3 el aborto.<\/p>\n<p>Halimi, como De Beauvoir y otras cientos de mujeres famosas y destacadas de las artes, la literatura y las ciencias, tales como Jeanne Moreau, Christiane Rochefort, Violette Leduc, Dominique Desanti, Catherine Deneuve, Marguerite Duras, Monique Wittig, Gis\u00e9le Halimi y Simone de Beauvoir firmaron el hist\u00f3rico documento conocido como el \u201cManifiesto de las 343 salopes\u201d, putas en castellano.<\/p>\n<p>Fue publicada en la revista Le Nouvel Observateur, el 5 de abril de 1971. La idea surgi\u00f3 de Jeanne Moreau y la pluma fue de Simone de Beauvoir, pero lo importante fue que esta propuesta atesor\u00f3 una significativa repercusi\u00f3n mundial. Todas declaraban haber abortado y se expon\u00edan a ser sometidas a procesos legales hasta correr el riesgo de terminar en un calabozo. Reclamaban que el aborto fuera gratuito y libre durante las diez primeras semanas de gestaci\u00f3n.<\/p>\n<p>Sus reivindicaciones se personificaron en el caso de una joven de 16 a\u00f1os, Marie-Claire, que en 1972 fue juzgada por haber interrumpido su embarazo, fruto de una violaci\u00f3n,\u00a0 con ayuda de su madre. Halimi fue su abogada y logr\u00f3 su absoluci\u00f3n.<\/p>\n<p>&nbsp;<\/p>\n<p><strong>Las otras batallas de Halimi<\/strong><\/p>\n<p>No fue la \u00faltima batalla de Halimi, involucrada tambi\u00e9n en la penalizaci\u00f3n de la violaci\u00f3n en Francia, en 1980, tras defender a dos j\u00f3venes belgas que denunciaron a tres hombres que las hab\u00edan violado en 1974.<\/p>\n<p>A finales de los ochenta, Halimi, militante socialista y fiel defensora del expresidente Fran\u00e7ois Mitterrand, se centr\u00f3 en la escritura con obras intimistas en las que habl\u00f3 de sus or\u00edgenes, su familia y las causas pol\u00edticas que marcaron su vida.<\/p>\n<p>&#8220;Francia pierde a una republicana apasionada que, como abogada, militante y diputada, fue una gran combatiente de la emancipaci\u00f3n de las mujeres&#8221;, escribi\u00f3 hoy en Twitter el presidente, Emmanuel Macron, como homenaje de despedida.<\/p>\n","protected":false},"excerpt":{"rendered":"<p>La abogada franco-tunecina Gis\u00e8le Halimi muri\u00f3 este martes en Par\u00eds a los 93 a\u00f1os, tras una vida dedicada a la lucha por la igualdad y haber sido una de las caras m\u00e1s c\u00e9lebres del feminismo franc\u00e9s junto a figuras como Simone de Beauvoir &nbsp; &nbsp; &nbsp; Nacida en 1927 en T\u00fanez, Zeiza Gis\u00e8le Elise Ta\u00efeb, su nombre de soltera, se cri\u00f3 en una familia jud\u00eda y conservadora que, como ella recordaba en sus memorias, escondi\u00f3 durante semanas su nacimiento porque su padre no quer\u00eda reconocer que hab\u00eda tenido una hija&#8230;.<\/p>\n","protected":false},"author":3,"featured_media":64883,"comment_status":"closed","ping_status":"closed","sticky":false,"template":"","format":"standard","meta":[],"categories":[4],"tags":[],"_links":{"self":[{"href":"https:\/\/www.actualidadadiario.com\/index.php\/wp-json\/wp\/v2\/posts\/64882"}],"collection":[{"href":"https:\/\/www.actualidadadiario.com\/index.php\/wp-json\/wp\/v2\/posts"}],"about":[{"href":"https:\/\/www.actualidadadiario.com\/index.php\/wp-json\/wp\/v2\/types\/post"}],"author":[{"embeddable":true,"href":"https:\/\/www.actualidadadiario.com\/index.php\/wp-json\/wp\/v2\/users\/3"}],"replies":[{"embeddable":true,"href":"https:\/\/www.actualidadadiario.com\/index.php\/wp-json\/wp\/v2\/comments?post=64882"}],"version-history":[{"count":1,"href":"https:\/\/www.actualidadadiario.com\/index.php\/wp-json\/wp\/v2\/posts\/64882\/revisions"}],"predecessor-version":[{"id":64884,"href":"https:\/\/www.actualidadadiario.com\/index.php\/wp-json\/wp\/v2\/posts\/64882\/revisions\/64884"}],"wp:featuredmedia":[{"embeddable":true,"href":"https:\/\/www.actualidadadiario.com\/index.php\/wp-json\/wp\/v2\/media\/64883"}],"wp:attachment":[{"href":"https:\/\/www.actualidadadiario.com\/index.php\/wp-json\/wp\/v2\/media?parent=64882"}],"wp:term":[{"taxonomy":"category","embeddable":true,"href":"https:\/\/www.actualidadadiario.com\/index.php\/wp-json\/wp\/v2\/categories?post=64882"},{"taxonomy":"post_tag","embeddable":true,"href":"https:\/\/www.actualidadadiario.com\/index.php\/wp-json\/wp\/v2\/tags?post=64882"}],"curies":[{"name":"wp","href":"https:\/\/api.w.org\/{rel}","templated":true}]}}