{"id":64880,"date":"2020-07-29T13:03:37","date_gmt":"2020-07-29T16:03:37","guid":{"rendered":"https:\/\/www.actualidadadiario.com\/?p=64880"},"modified":"2020-07-30T16:01:15","modified_gmt":"2020-07-30T19:01:15","slug":"coronavirus-que-paises-estan-atravesando-una-segunda-ola-de-casos","status":"publish","type":"post","link":"https:\/\/www.actualidadadiario.com\/index.php\/2020\/07\/29\/coronavirus-que-paises-estan-atravesando-una-segunda-ola-de-casos\/","title":{"rendered":"Coronavirus: \u00bfQu\u00e9 pa\u00edses est\u00e1n atravesando una segunda ola de casos?"},"content":{"rendered":"<p style=\"text-align: center;\"><em><strong>Los temores de que podr\u00eda ocurrir una segunda ola de infecciones por coronavirus este invierno ahora parecen demasiado optimistas, ya que los datos sugieren que varios pa\u00edses ya est\u00e1n experimentando un nuevo aumento de casos. Y el martes, Boris Johnson dijo que una segunda ola parec\u00eda estar surgiendo en Europa<\/strong><\/em><\/p>\n<p>&nbsp;<\/p>\n<p>&nbsp;<\/p>\n<p>Los nuevos casos diarios en Espa\u00f1a han aumentado m\u00e1s de cinco veces desde principios de julio, lo que llev\u00f3 al gobierno del Reino Unido a reintroducir medidas de cuarentena para las personas que viajan de Espa\u00f1a al Reino Unido.<\/p>\n<p>Los casos globales tambi\u00e9n siguen aumentando, y el jefe de la OMS dijo el lunes que es &#8220;f\u00e1cilmente la emergencia de salud m\u00e1s grave&#8221; que la organizaci\u00f3n haya enfrentado. &#8220;La pandemia contin\u00faa aceler\u00e1ndose&#8221;, dijo el Dr. Tedros Ghebreyesus. &#8220;En las \u00faltimas seis semanas, el n\u00famero total de casos se ha duplicado aproximadamente&#8221;.<\/p>\n<p>De particular preocupaci\u00f3n es que un n\u00famero cada vez mayor de nuevas infecciones provienen de pa\u00edses como Espa\u00f1a, que inicialmente parec\u00edan tener el virus bajo control.<\/p>\n<p>Una segunda ola de casos de coronavirus que comenz\u00f3 a surgir en Israel a principios de junio ha alcanzado m\u00e1ximos hist\u00f3ricos. Los nuevos casos confirmados en el pa\u00eds ahora casi triplican el pico desde la primera ola.<\/p>\n<p>En otras partes del Medio Oriente, una segunda ola golpe\u00f3 a Ir\u00e1n a principios de mayo y alcanz\u00f3 su punto m\u00e1ximo aproximadamente al mismo nivel que la primera ola.<\/p>\n<p>Sin embargo, los casos nuevos a\u00fan no han disminuido en un n\u00famero significativo, y la segunda ola dura mucho m\u00e1s que la primera.<\/p>\n<p>Por el contrario, los nuevos casos en Arabia Saudita se han reducido a la mitad de sus niveles m\u00e1ximos y contin\u00faan cayendo.<\/p>\n<p>Varios pa\u00edses a\u00fan no han visto el final de su primera ola. Estados Unidos es, con mucho, el pa\u00eds m\u00e1s afectado en t\u00e9rminos de casos totales, y una ligera ca\u00edda en los casos nuevos a lo largo de mayo demostr\u00f3 ser una falsa esperanza de que la primera ola llegue a su fin.<\/p>\n<p>Desde entonces, Estados Unidos ha registrado nuevos m\u00e1ximos diarios que alcanzan m\u00e1s de 60,000 casos, aunque una vez m\u00e1s hay esperanzas de que el aumento se est\u00e9 estabilizando.<\/p>\n<p>India tampoco est\u00e1 presenciando el final de la primera ola, y el pa\u00eds contin\u00faa registrando r\u00e9cords diarios de casos.<\/p>\n<p>Este es tambi\u00e9n el caso a nivel mundial: el n\u00famero de casos nuevos ha aumentado de alrededor de 100,000 por d\u00eda a fines de mayo a m\u00e1s de 250,000 por d\u00eda a fines de julio.<\/p>\n<p>Los cient\u00edficos lo han descrito como una oportunidad para prepararse para cualquier segunda ola potencial que podr\u00eda empeorar por una temporada severa de gripe invernal.<\/p>\n<p>El profesor Stephen Holgate, un especialista en respiraci\u00f3n del Hospital Universitario de Southampton, dijo recientemente: \u201cCon un n\u00famero relativamente bajo de casos de Covid-19 en este momento, esta es una ventana cr\u00edtica de oportunidad para ayudarnos a prepararnos para lo peor que el invierno nos puede traer. &#8221;<\/p>\n<p>Uno de los pocos pa\u00edses que a\u00fan no ha visto un aumento en los nuevos casos es el Reino Unido, aunque a\u00fan no han ca\u00eddo constantemente por debajo de 500 por d\u00eda.<\/p>\n","protected":false},"excerpt":{"rendered":"<p>Los temores de que podr\u00eda ocurrir una segunda ola de infecciones por coronavirus este invierno ahora parecen demasiado optimistas, ya que los datos sugieren que varios pa\u00edses ya est\u00e1n experimentando un nuevo aumento de casos. Y el martes, Boris Johnson dijo que una segunda ola parec\u00eda estar surgiendo en Europa &nbsp; &nbsp; Los nuevos casos diarios en Espa\u00f1a han aumentado m\u00e1s de cinco veces desde principios de julio, lo que llev\u00f3 al gobierno del Reino Unido a reintroducir medidas de cuarentena para las personas que viajan de Espa\u00f1a al Reino&#8230;<\/p>\n","protected":false},"author":3,"featured_media":63413,"comment_status":"closed","ping_status":"closed","sticky":false,"template":"","format":"standard","meta":[],"categories":[4],"tags":[],"_links":{"self":[{"href":"https:\/\/www.actualidadadiario.com\/index.php\/wp-json\/wp\/v2\/posts\/64880"}],"collection":[{"href":"https:\/\/www.actualidadadiario.com\/index.php\/wp-json\/wp\/v2\/posts"}],"about":[{"href":"https:\/\/www.actualidadadiario.com\/index.php\/wp-json\/wp\/v2\/types\/post"}],"author":[{"embeddable":true,"href":"https:\/\/www.actualidadadiario.com\/index.php\/wp-json\/wp\/v2\/users\/3"}],"replies":[{"embeddable":true,"href":"https:\/\/www.actualidadadiario.com\/index.php\/wp-json\/wp\/v2\/comments?post=64880"}],"version-history":[{"count":1,"href":"https:\/\/www.actualidadadiario.com\/index.php\/wp-json\/wp\/v2\/posts\/64880\/revisions"}],"predecessor-version":[{"id":64881,"href":"https:\/\/www.actualidadadiario.com\/index.php\/wp-json\/wp\/v2\/posts\/64880\/revisions\/64881"}],"wp:featuredmedia":[{"embeddable":true,"href":"https:\/\/www.actualidadadiario.com\/index.php\/wp-json\/wp\/v2\/media\/63413"}],"wp:attachment":[{"href":"https:\/\/www.actualidadadiario.com\/index.php\/wp-json\/wp\/v2\/media?parent=64880"}],"wp:term":[{"taxonomy":"category","embeddable":true,"href":"https:\/\/www.actualidadadiario.com\/index.php\/wp-json\/wp\/v2\/categories?post=64880"},{"taxonomy":"post_tag","embeddable":true,"href":"https:\/\/www.actualidadadiario.com\/index.php\/wp-json\/wp\/v2\/tags?post=64880"}],"curies":[{"name":"wp","href":"https:\/\/api.w.org\/{rel}","templated":true}]}}