{"id":64874,"date":"2020-07-29T13:01:42","date_gmt":"2020-07-29T16:01:42","guid":{"rendered":"https:\/\/www.actualidadadiario.com\/?p=64874"},"modified":"2020-07-30T16:01:16","modified_gmt":"2020-07-30T19:01:16","slug":"cafiero-brindara-su-informe-de-gestion-en-diputados-con-la-mirada-puesta-en-la-pospandemia","status":"publish","type":"post","link":"https:\/\/www.actualidadadiario.com\/index.php\/2020\/07\/29\/cafiero-brindara-su-informe-de-gestion-en-diputados-con-la-mirada-puesta-en-la-pospandemia\/","title":{"rendered":"Cafiero brindar\u00e1 su informe de gesti\u00f3n en Diputados con la mirada puesta en la pospandemia"},"content":{"rendered":"<p style=\"text-align: center;\"><em><strong>La Jefatura de Gabinete recibi\u00f3 m\u00e1s de 1.651 preguntas de los diputados, la mayor\u00eda de ellas vinculadas a la emergencia sanitaria y econ\u00f3mica como consecuencia de la pandemia de coronavirus<\/strong><\/em><\/p>\n<p>&nbsp;<\/p>\n<p>&nbsp;<\/p>\n<p>El titular de la C\u00e1mara de Diputados, Sergio Massa, formaliz\u00f3 este martes la convocatoria a los legisladores a la sesi\u00f3n especial de este jueves en la que el jefe de Gabinete, Santiago Cafiero, brindar\u00e1 su informe de gesti\u00f3n, seg\u00fan lo dispone el art\u00edculo 101 de la Constituci\u00f3n Nacional.<\/p>\n<p>Se trata del segundo informe que brindar\u00e1 Cafiero ante el Congreso, ya que el primero lo hizo en el Senado Nacional el 18 de junio pasado.<\/p>\n<p>La cita est\u00e1 prevista para las 15.30, en una sesi\u00f3n remota que tendr\u00e1 una asistencia presencial de unos 40 legisladores, mientras el resto lo har\u00e1 en forma virtual debido a las restricciones por el aislamiento social.<\/p>\n<p>Tras una exposici\u00f3n preliminar que estar\u00e1 basada, seg\u00fan fuentes oficiales, en las medidas econ\u00f3micas impulsadas por el Gobierno nacional para la pospandemia, el jefe de ministros pasar\u00e1 a responder las preguntas formuladas por cada bloque parlamentario.<\/p>\n<p>La Jefatura de Gabinete recibi\u00f3 m\u00e1s de 1.651 preguntas de los diputados, la mayor\u00eda de ellas vinculadas a la emergencia sanitaria y econ\u00f3mica como consecuencia de la pandemia de coronavirus, seg\u00fan se inform\u00f3.<\/p>\n<p>La mayor\u00eda de las preguntas que enviaron los diputados est\u00e1 vinculada con el Ministerio de Salud, con 190 consultas, y en segundo t\u00e9rmino la cartera de Desarrollo Productivo, con 185 preguntas, mientras que sobre la Canciller\u00eda se hicieron 112 preguntas, en tanto el resto est\u00e1n relacionadas con el reparto de fondos a los distritos m\u00e1s afectados por la pandemia.<\/p>\n<p>El Jefe de Gabinete envi\u00f3 el 1 de julio \u00faltimo una nota formal a la C\u00e1mara baja, poni\u00e9ndose a disposici\u00f3n del cuerpo &#8220;para dar cumplimiento al mandato constitucional de asistir al Congreso alternadamente, situaci\u00f3n que se hab\u00eda visto afectada por la pandemia de coronavirus, que oblig\u00f3 al Congreso a readecuar su funcionamiento y adoptar medidas de aislamiento sanitario&#8221;.<\/p>\n<p>Esa cartera record\u00f3 tambi\u00e9n que desde la asunci\u00f3n del presidente Alberto Fern\u00e1ndez &#8220;el di\u00e1logo entre el Poder Ejecutivo y el Poder Legislativo ha sido constante&#8221;, con la asistencia de m\u00e1s de 84 funcionarios nacionales a reuniones de comisi\u00f3n de ambas c\u00e1maras, cifra que ya supera las 76 presencias de integrantes del Poder Ejecutivo Nacional correspondientes a todo el 2019.<\/p>\n","protected":false},"excerpt":{"rendered":"<p>La Jefatura de Gabinete recibi\u00f3 m\u00e1s de 1.651 preguntas de los diputados, la mayor\u00eda de ellas vinculadas a la emergencia sanitaria y econ\u00f3mica como consecuencia de la pandemia de coronavirus &nbsp; &nbsp; El titular de la C\u00e1mara de Diputados, Sergio Massa, formaliz\u00f3 este martes la convocatoria a los legisladores a la sesi\u00f3n especial de este jueves en la que el jefe de Gabinete, Santiago Cafiero, brindar\u00e1 su informe de gesti\u00f3n, seg\u00fan lo dispone el art\u00edculo 101 de la Constituci\u00f3n Nacional. Se trata del segundo informe que brindar\u00e1 Cafiero ante el&#8230;<\/p>\n","protected":false},"author":3,"featured_media":64875,"comment_status":"closed","ping_status":"closed","sticky":false,"template":"","format":"standard","meta":[],"categories":[18],"tags":[],"_links":{"self":[{"href":"https:\/\/www.actualidadadiario.com\/index.php\/wp-json\/wp\/v2\/posts\/64874"}],"collection":[{"href":"https:\/\/www.actualidadadiario.com\/index.php\/wp-json\/wp\/v2\/posts"}],"about":[{"href":"https:\/\/www.actualidadadiario.com\/index.php\/wp-json\/wp\/v2\/types\/post"}],"author":[{"embeddable":true,"href":"https:\/\/www.actualidadadiario.com\/index.php\/wp-json\/wp\/v2\/users\/3"}],"replies":[{"embeddable":true,"href":"https:\/\/www.actualidadadiario.com\/index.php\/wp-json\/wp\/v2\/comments?post=64874"}],"version-history":[{"count":1,"href":"https:\/\/www.actualidadadiario.com\/index.php\/wp-json\/wp\/v2\/posts\/64874\/revisions"}],"predecessor-version":[{"id":64876,"href":"https:\/\/www.actualidadadiario.com\/index.php\/wp-json\/wp\/v2\/posts\/64874\/revisions\/64876"}],"wp:featuredmedia":[{"embeddable":true,"href":"https:\/\/www.actualidadadiario.com\/index.php\/wp-json\/wp\/v2\/media\/64875"}],"wp:attachment":[{"href":"https:\/\/www.actualidadadiario.com\/index.php\/wp-json\/wp\/v2\/media?parent=64874"}],"wp:term":[{"taxonomy":"category","embeddable":true,"href":"https:\/\/www.actualidadadiario.com\/index.php\/wp-json\/wp\/v2\/categories?post=64874"},{"taxonomy":"post_tag","embeddable":true,"href":"https:\/\/www.actualidadadiario.com\/index.php\/wp-json\/wp\/v2\/tags?post=64874"}],"curies":[{"name":"wp","href":"https:\/\/api.w.org\/{rel}","templated":true}]}}