{"id":64868,"date":"2020-07-29T12:59:46","date_gmt":"2020-07-29T15:59:46","guid":{"rendered":"https:\/\/www.actualidadadiario.com\/?p=64868"},"modified":"2020-07-30T16:01:16","modified_gmt":"2020-07-30T19:01:16","slug":"avanza-la-ampliacion-de-moratoria","status":"publish","type":"post","link":"https:\/\/www.actualidadadiario.com\/index.php\/2020\/07\/29\/avanza-la-ampliacion-de-moratoria\/","title":{"rendered":"Avanza la ampliaci\u00f3n de moratoria"},"content":{"rendered":"<p style=\"text-align: center;\"><em><strong>La comisi\u00f3n de presupuesto y hacienda emiti\u00f3 dictamen a favor del proyecto del Ejecutivo. Podr\u00e1n adherir todas las personas f\u00edsicas y jur\u00eddicas por compromisos impagos hasta el 30 de junio<\/strong><\/em><\/p>\n<p>&nbsp;<\/p>\n<p>&nbsp;<\/p>\n<p>El proyecto de ley que ampl\u00eda la moratoria impositiva ser\u00e1 tratado el viernes pr\u00f3ximo por la C\u00e1mara de Diputados, luego de que este martes la iniciativa enviada por el Poder Ejecutivo obtuvo dictamen de mayor\u00eda en la comisi\u00f3n de Presupuesto y Hacienda. El proyecto enviado por el Ejecutivo obtuvo 27 firmas a favor, en tanto que Juntos por el Cambio present\u00f3 un dictamen de minor\u00eda con el apoyo de 22 legisladores.<\/p>\n<p>El debate sobre el proyecto de ampliaci\u00f3n del Presupuesto 2020 qued\u00f3 postergado para una nueva sesi\u00f3n de la comisi\u00f3n este mi\u00e9rcoles, a propuesta del Frente de Todos. Este martes, luego de agotar el debate y tras la votaci\u00f3n de los dict\u00e1menes sobre el proyecto de moratoria, la comisi\u00f3n de presupuesto y hacienda recibi\u00f3 al secretario de Hacienda, Ra\u00fal Rigo, y otros funcionarios del \u00e1rea a su cargo, para explayarse y responder preguntas respecto de la propuesta de ampliaci\u00f3n del c\u00e1lculo de gastos y recursos de la Administraci\u00f3n Nacional.<\/p>\n<p>La intenci\u00f3n del oficialismo es poder sacar dictamen de comisi\u00f3n para la ampliaci\u00f3n del presupuesto este mi\u00e9rcoles, de modo que tambi\u00e9n pueda debatirse en el recinto (reunido por teleconferencia) el viernes pr\u00f3ximo, junto al proyecto de moratoria.<\/p>\n<p>Esta \u00faltima iniciativa, presentada por el Poder, ampl\u00eda el alcance de la Moratoria 2020 creada por la Ley de Solidaridad Social y Reactivaci\u00f3n Productiva, para aliviar la carga de las deudas acumuladas durante la pandemia a la totalidad de las personas jur\u00eddicas y humanas.<\/p>\n<p>Permitir\u00e1 incluir las deudas en materia impositiva, previsional y aduanera vencidas hasta el 30 de junio de este a\u00f1o. La fecha tope de adhesi\u00f3n est\u00e1 fijada en el 31 de octubre de 2020.<\/p>\n<p>Dependiendo del tama\u00f1o de las empresas e individuos que se adhieran podr\u00e1n regularizar sus deudas en hasta 96 o 120 cuotas para las obligaciones tributarias y aduaneras. En cambio, los plazos ser\u00e1n de hasta 48 o 60 cuotas para las obligaciones correspondientes a los recursos de la seguridad social. La adhesi\u00f3n supone la condonaci\u00f3n parcial de intereses y total de multas.<\/p>\n<p>Carlos Heller, titular de la comisi\u00f3n de presupuesto y hacienda, anticip\u00f3 que el oficialismo acept\u00f3 incorporar al dictamen de mayor\u00eda una serie de cambios propuestos por diferentes bloques, aunque de todos modos ampli\u00f3 en 24 horas el plazo para la elaboraci\u00f3n de dict\u00e1menes de minor\u00eda por parte de la oposici\u00f3n.<\/p>\n<p>En el dictamen de mayor\u00eda se incluyeron, entre otras cuestiones, premios al contribuyente cumplidor en monotributo y ganancias, propuesto por diputados de la oposici\u00f3n, que consistir\u00e1 en la exenci\u00f3n del componente impositivo conforme la cantidad de cuotas para cada categor\u00eda.<\/p>\n<p>Asimismo, se decidi\u00f3 excluir de los beneficios a los bancos y a las telef\u00f3nicas y a quienes tengan activos financieros en el exterior y no repatr\u00eden por lo menos el 30 por ciento dentro de los 60 d\u00edas, a la vez que se establece un descuento del 15 por ciento para quienes paguen al contado.<\/p>\n<p>En cambio, el oficialismo rechaz\u00f3 la propuesta de Juntos por el Cambio para que se excluya de manera espec\u00edfica a la firma Oil Combustibles en el articulado de la iniciativa, bajo el argumento de se trata de una empresa quebrada sin actividad. &#8220;Tratar de la misma forma a una pyme sacrificada y, al mismo tiempo, rescatar de la quiebra a quien ha hecho fraude y todav\u00eda no lo ha devuelto, es una verg\u00fcenza para este Congreso&#8221;, enfatiz\u00f3 el diputado de Cambiemos Luciano Laspina, quien lament\u00f3 que el oficialismo no haya aceptado modificar ese art\u00edculo, al sostener que &#8220;representa una enorme injusticia al principio de legalidad&#8221;.<\/p>\n<p>Heller le respondi\u00f3 que le &#8220;gustar\u00eda alg\u00fan d\u00eda poder discutir algunas cosas que ha dicho&#8221;, al recordarles que &#8220;cuando siendo yo diputado y se trat\u00f3 el blanqueo, y usted era presidente de esta comisi\u00f3n, sent\u00ed una enorme indignaci\u00f3n cuando vi que se permit\u00eda el blanqueo a gente que hab\u00eda cometido delitos, que hab\u00eda dejado de tributar y hab\u00eda estafado al Estado&#8221;.<\/p>\n","protected":false},"excerpt":{"rendered":"<p>La comisi\u00f3n de presupuesto y hacienda emiti\u00f3 dictamen a favor del proyecto del Ejecutivo. Podr\u00e1n adherir todas las personas f\u00edsicas y jur\u00eddicas por compromisos impagos hasta el 30 de junio &nbsp; &nbsp; El proyecto de ley que ampl\u00eda la moratoria impositiva ser\u00e1 tratado el viernes pr\u00f3ximo por la C\u00e1mara de Diputados, luego de que este martes la iniciativa enviada por el Poder Ejecutivo obtuvo dictamen de mayor\u00eda en la comisi\u00f3n de Presupuesto y Hacienda. El proyecto enviado por el Ejecutivo obtuvo 27 firmas a favor, en tanto que Juntos por&#8230;<\/p>\n","protected":false},"author":3,"featured_media":64869,"comment_status":"closed","ping_status":"closed","sticky":false,"template":"","format":"standard","meta":[],"categories":[18],"tags":[],"_links":{"self":[{"href":"https:\/\/www.actualidadadiario.com\/index.php\/wp-json\/wp\/v2\/posts\/64868"}],"collection":[{"href":"https:\/\/www.actualidadadiario.com\/index.php\/wp-json\/wp\/v2\/posts"}],"about":[{"href":"https:\/\/www.actualidadadiario.com\/index.php\/wp-json\/wp\/v2\/types\/post"}],"author":[{"embeddable":true,"href":"https:\/\/www.actualidadadiario.com\/index.php\/wp-json\/wp\/v2\/users\/3"}],"replies":[{"embeddable":true,"href":"https:\/\/www.actualidadadiario.com\/index.php\/wp-json\/wp\/v2\/comments?post=64868"}],"version-history":[{"count":1,"href":"https:\/\/www.actualidadadiario.com\/index.php\/wp-json\/wp\/v2\/posts\/64868\/revisions"}],"predecessor-version":[{"id":64870,"href":"https:\/\/www.actualidadadiario.com\/index.php\/wp-json\/wp\/v2\/posts\/64868\/revisions\/64870"}],"wp:featuredmedia":[{"embeddable":true,"href":"https:\/\/www.actualidadadiario.com\/index.php\/wp-json\/wp\/v2\/media\/64869"}],"wp:attachment":[{"href":"https:\/\/www.actualidadadiario.com\/index.php\/wp-json\/wp\/v2\/media?parent=64868"}],"wp:term":[{"taxonomy":"category","embeddable":true,"href":"https:\/\/www.actualidadadiario.com\/index.php\/wp-json\/wp\/v2\/categories?post=64868"},{"taxonomy":"post_tag","embeddable":true,"href":"https:\/\/www.actualidadadiario.com\/index.php\/wp-json\/wp\/v2\/tags?post=64868"}],"curies":[{"name":"wp","href":"https:\/\/api.w.org\/{rel}","templated":true}]}}