{"id":64858,"date":"2020-07-29T12:55:54","date_gmt":"2020-07-29T15:55:54","guid":{"rendered":"https:\/\/www.actualidadadiario.com\/?p=64858"},"modified":"2020-07-30T16:01:16","modified_gmt":"2020-07-30T19:01:16","slug":"alberto-presenta-y-envia-al-senado-el-proyecto-de-reforma-judicial","status":"publish","type":"post","link":"https:\/\/www.actualidadadiario.com\/index.php\/2020\/07\/29\/alberto-presenta-y-envia-al-senado-el-proyecto-de-reforma-judicial\/","title":{"rendered":"Alberto presenta y env\u00eda al Senado el proyecto de reforma judicial"},"content":{"rendered":"<p style=\"text-align: center;\"><em><strong>La iniciativa unificar\u00e1 y duplicar\u00e1 los juzgados federales y designar\u00e1 a juristas para que asesore al Ejecutivo sobre el funcionamiento del sistema<\/strong><\/em><\/p>\n<p>&nbsp;<\/p>\n<p>&nbsp;<\/p>\n<p>El presidente Alberto Fern\u00e1ndez presentar\u00e1 este mi\u00e9rcoles y enviar\u00e1 al Senado el proyecto de ley de Reforma de la Justicia, que unificar\u00e1 y duplicar\u00e1 los juzgados federales y designar\u00e1 un consejo de notables para que asesore al Poder Ejecutivo sobre el funcionamiento del sistema.<\/p>\n<p>El anuncio y los lineamientos generales del proyecto de ley ser\u00e1n anunciados a las 16, en la Casa Rosada por el jefe de Estado, junto a la ministra de Justicia, Marcela Losardo, y legisladores nacionales invitados especialmente para asistir de manera remota.<\/p>\n<p>Fern\u00e1ndez explicar\u00e1 las l\u00edneas centrales del anuncio, con el listado de los once miembros del Consejo Consultivo ya difundido: Carlos Alberto Beraldi, In\u00e9s Weinberg de Roca, Enrique Bacigalupo, Andr\u00e9s Gil Dom\u00ednguez, Gustavo Ferreyra, Le\u00f3n Arslanian, Marisa Herrera, Hilda Kogan, Claudia Sbdar, Mar\u00eda del Carmen Battaini y Omar Palermo.<\/p>\n<p>Los once juristas, especializados en distintas ramas del Derecho, asesorar\u00e1n al Presidente en aspectos claves del servicio judicial, como la composici\u00f3n de la Corte Suprema, el funcionamiento del Consejo de la Magistratura o la implementaci\u00f3n del sistema acusatorio, entre otros temas.<\/p>\n<p>La reforma, -que, todo indica, podr\u00eda ser enviada esta semana por el Ejecutivo al Congreso para su an\u00e1lisis- tiene por principal objetivo mejorar el fuero federal, fusionando los doce juzgados criminales con los once de penal econ\u00f3mico y duplicando su n\u00famero para dinamizar esta \u00e1rea judicial que se ocupa de los delitos complejos como narcotr\u00e1fico, trata y corrupci\u00f3n, entre otros.<\/p>\n<p>Sobre el dise\u00f1o de la propuesta estuvo trabajando el propio Fern\u00e1ndez junto a la ministra Losardo; el secretario de Asuntos Estrat\u00e9gicos, Gustavo B\u00e9liz; y la secretaria Legal y T\u00e9cnica, Vilma Ibarra.<\/p>\n","protected":false},"excerpt":{"rendered":"<p>La iniciativa unificar\u00e1 y duplicar\u00e1 los juzgados federales y designar\u00e1 a juristas para que asesore al Ejecutivo sobre el funcionamiento del sistema &nbsp; &nbsp; El presidente Alberto Fern\u00e1ndez presentar\u00e1 este mi\u00e9rcoles y enviar\u00e1 al Senado el proyecto de ley de Reforma de la Justicia, que unificar\u00e1 y duplicar\u00e1 los juzgados federales y designar\u00e1 un consejo de notables para que asesore al Poder Ejecutivo sobre el funcionamiento del sistema. El anuncio y los lineamientos generales del proyecto de ley ser\u00e1n anunciados a las 16, en la Casa Rosada por el jefe&#8230;<\/p>\n","protected":false},"author":3,"featured_media":64859,"comment_status":"closed","ping_status":"closed","sticky":false,"template":"","format":"standard","meta":[],"categories":[9],"tags":[],"_links":{"self":[{"href":"https:\/\/www.actualidadadiario.com\/index.php\/wp-json\/wp\/v2\/posts\/64858"}],"collection":[{"href":"https:\/\/www.actualidadadiario.com\/index.php\/wp-json\/wp\/v2\/posts"}],"about":[{"href":"https:\/\/www.actualidadadiario.com\/index.php\/wp-json\/wp\/v2\/types\/post"}],"author":[{"embeddable":true,"href":"https:\/\/www.actualidadadiario.com\/index.php\/wp-json\/wp\/v2\/users\/3"}],"replies":[{"embeddable":true,"href":"https:\/\/www.actualidadadiario.com\/index.php\/wp-json\/wp\/v2\/comments?post=64858"}],"version-history":[{"count":1,"href":"https:\/\/www.actualidadadiario.com\/index.php\/wp-json\/wp\/v2\/posts\/64858\/revisions"}],"predecessor-version":[{"id":64860,"href":"https:\/\/www.actualidadadiario.com\/index.php\/wp-json\/wp\/v2\/posts\/64858\/revisions\/64860"}],"wp:featuredmedia":[{"embeddable":true,"href":"https:\/\/www.actualidadadiario.com\/index.php\/wp-json\/wp\/v2\/media\/64859"}],"wp:attachment":[{"href":"https:\/\/www.actualidadadiario.com\/index.php\/wp-json\/wp\/v2\/media?parent=64858"}],"wp:term":[{"taxonomy":"category","embeddable":true,"href":"https:\/\/www.actualidadadiario.com\/index.php\/wp-json\/wp\/v2\/categories?post=64858"},{"taxonomy":"post_tag","embeddable":true,"href":"https:\/\/www.actualidadadiario.com\/index.php\/wp-json\/wp\/v2\/tags?post=64858"}],"curies":[{"name":"wp","href":"https:\/\/api.w.org\/{rel}","templated":true}]}}