{"id":64856,"date":"2020-07-29T12:54:54","date_gmt":"2020-07-29T15:54:54","guid":{"rendered":"https:\/\/www.actualidadadiario.com\/?p=64856"},"modified":"2020-07-30T16:01:25","modified_gmt":"2020-07-30T19:01:25","slug":"ife-atp-y-creditos-a-tasa-cero-ejes-de-la-nueva-reunion-del-gabinete-economico","status":"publish","type":"post","link":"https:\/\/www.actualidadadiario.com\/index.php\/2020\/07\/29\/ife-atp-y-creditos-a-tasa-cero-ejes-de-la-nueva-reunion-del-gabinete-economico\/","title":{"rendered":"IFE, ATP y cr\u00e9ditos a tasa cero, ejes de la nueva reuni\u00f3n del gabinete econ\u00f3mico"},"content":{"rendered":"<p style=\"text-align: center;\"><em><strong>El Jefe de Gabinete Santiago Cafiero encabeza el encuentro en el que se aborda el impacto de las medidas para mitigar la situaci\u00f3n derivada de la pandemia<\/strong><\/em><\/p>\n<p>&nbsp;<\/p>\n<p>El gabinete econ\u00f3mico volvi\u00f3 a reunirse hoy, encabezado por el jefe de Gabinete, Santiago Cafiero, para continuar analizando medidas para la recuperaci\u00f3n econ\u00f3mica, en el marco de la asistencia estatal adoptada por el Gobierno para mitigar los efectos de la pandemia por coronavirus.<\/p>\n<p>La reuni\u00f3n es en la Casa Rosada, y el eje ser\u00e1 el an\u00e1lisis del impacto de las medidas para mitigar la situaci\u00f3n derivada de la pandemia, como el programa de Asistencia a la Producci\u00f3n (ATP), el Ingreso Familiar de Emergencia (IFE) y los cr\u00e9ditos a tasa cero para contribuyentes aut\u00f3nomos y monotributistas.<\/p>\n<p>El viernes pasado, el presidente Alberto Fern\u00e1ndez anunci\u00f3 que el programa ATP de ayuda estatal a empresas privadas seguir\u00e1 hasta fin de a\u00f1o.<\/p>\n<p>Adem\u00e1s de Cafiero, participar\u00e1n la vicejefa de Gabinete, Cecilia Todesca; y los ministros de Econom\u00eda, Mart\u00edn Guzm\u00e1n; de Trabajo, Claudio Moroni; y de Desarrollo Productivo, Mat\u00edas Kulfas.<\/p>\n<p>Tambi\u00e9n estar\u00e1n los titulares del Banco Central, Miguel Pesce; de la AFIP, Mercedes Marc\u00f3 del Pont; y de la Anses, Fernanda Raverta.<\/p>\n","protected":false},"excerpt":{"rendered":"<p>El Jefe de Gabinete Santiago Cafiero encabeza el encuentro en el que se aborda el impacto de las medidas para mitigar la situaci\u00f3n derivada de la pandemia &nbsp; El gabinete econ\u00f3mico volvi\u00f3 a reunirse hoy, encabezado por el jefe de Gabinete, Santiago Cafiero, para continuar analizando medidas para la recuperaci\u00f3n econ\u00f3mica, en el marco de la asistencia estatal adoptada por el Gobierno para mitigar los efectos de la pandemia por coronavirus. La reuni\u00f3n es en la Casa Rosada, y el eje ser\u00e1 el an\u00e1lisis del impacto de las medidas para&#8230;<\/p>\n","protected":false},"author":3,"featured_media":64435,"comment_status":"closed","ping_status":"closed","sticky":false,"template":"","format":"standard","meta":[],"categories":[9],"tags":[],"_links":{"self":[{"href":"https:\/\/www.actualidadadiario.com\/index.php\/wp-json\/wp\/v2\/posts\/64856"}],"collection":[{"href":"https:\/\/www.actualidadadiario.com\/index.php\/wp-json\/wp\/v2\/posts"}],"about":[{"href":"https:\/\/www.actualidadadiario.com\/index.php\/wp-json\/wp\/v2\/types\/post"}],"author":[{"embeddable":true,"href":"https:\/\/www.actualidadadiario.com\/index.php\/wp-json\/wp\/v2\/users\/3"}],"replies":[{"embeddable":true,"href":"https:\/\/www.actualidadadiario.com\/index.php\/wp-json\/wp\/v2\/comments?post=64856"}],"version-history":[{"count":1,"href":"https:\/\/www.actualidadadiario.com\/index.php\/wp-json\/wp\/v2\/posts\/64856\/revisions"}],"predecessor-version":[{"id":64857,"href":"https:\/\/www.actualidadadiario.com\/index.php\/wp-json\/wp\/v2\/posts\/64856\/revisions\/64857"}],"wp:featuredmedia":[{"embeddable":true,"href":"https:\/\/www.actualidadadiario.com\/index.php\/wp-json\/wp\/v2\/media\/64435"}],"wp:attachment":[{"href":"https:\/\/www.actualidadadiario.com\/index.php\/wp-json\/wp\/v2\/media?parent=64856"}],"wp:term":[{"taxonomy":"category","embeddable":true,"href":"https:\/\/www.actualidadadiario.com\/index.php\/wp-json\/wp\/v2\/categories?post=64856"},{"taxonomy":"post_tag","embeddable":true,"href":"https:\/\/www.actualidadadiario.com\/index.php\/wp-json\/wp\/v2\/tags?post=64856"}],"curies":[{"name":"wp","href":"https:\/\/api.w.org\/{rel}","templated":true}]}}