{"id":64846,"date":"2020-07-29T12:50:46","date_gmt":"2020-07-29T15:50:46","guid":{"rendered":"https:\/\/www.actualidadadiario.com\/?p=64846"},"modified":"2020-07-30T16:01:26","modified_gmt":"2020-07-30T19:01:26","slug":"apuran-plataforma-para-clases-con-navegabilidad-gratis","status":"publish","type":"post","link":"https:\/\/www.actualidadadiario.com\/index.php\/2020\/07\/29\/apuran-plataforma-para-clases-con-navegabilidad-gratis\/","title":{"rendered":"Apuran plataforma para clases, con navegabilidad gratis"},"content":{"rendered":"<p style=\"text-align: center;\"><em><strong>El ministro de Educaci\u00f3n nacional, Nicol\u00e1s Trotta, asegur\u00f3 ayer que trabajan \u201cen una plataforma educativa integral\u201d, de \u201cnavegabilidad absolutamente gratuita para el docente y el estudiante\u201d y de car\u00e1cter federal<\/strong><\/em><\/p>\n<p>&nbsp;<\/p>\n<p>La plataforma incluir\u00e1 \u201cla administraci\u00f3n de clases y aulas\u201d &#8211; la primera etapa de la iniciativa estar\u00e1 lista el 17 de agosto-, y \u201cm\u00f3dulos que van a permitir videoclases y videollamadas sin consumo de datos del celular\u201d, adem\u00e1s de \u201cchats educativos\u201d.<\/p>\n<p>Tambi\u00e9n contar\u00e1 con el repositorio oficial de contenidos educativos del portal Seguimos Educando y de los portales de las provincias, que ya tienen hoy el beneficio de la navegabilidad gratuita por gesti\u00f3n de la cartera de Trotta ante las tres empresas de telefon\u00eda en marzo, cuando fueron suspendidas las clases presenciales por el coronavirus.<\/p>\n<p>\u201cHoy lo que termina ocurriendo es que muchas veces se utilizan esos repositorios, y luego la navegabilidad se dirige a otras aplicaciones, y ah\u00ed consume datos\u201d, diagnostic\u00f3 el ministro.<\/p>\n<p>\u201cLa gratuidad de la conectividad debe ser un derecho en cabeza del Estado nacional\u201d, enfatiz\u00f3, respecto de una avanzada que se enmarca en el Plan Juana Manso. \u201cLa mayor\u00eda de la sociedad argentina se conecta desde los celulares\u201d, sostuvo.<\/p>\n<p>Las precisiones de Trotta fueron en el contexto de su participaci\u00f3n ayer en \u201cEducar en pandemia\u201d, un \u201cespacio para la reflexi\u00f3n\u201d en torno a \u201clos desaf\u00edos de cara al retorno presencial a las escuelas\u201d organizado por el Centro de Implementaci\u00f3n de Pol\u00edticas P\u00fablicas para la Equidad y el Crecimiento (Cippec) con la intervenci\u00f3n adem\u00e1s de sus pares Miguel Sedoff (Misiones), Jos\u00e9 Thomas (Mendoza) y Cristina Storioni (Neuqu\u00e9n) y de especialistas internacionales.<\/p>\n<p>La ingenier\u00eda macro del Plan Juana Manso incluye adem\u00e1s, entre otros ejes, un compromiso puntual para 2020. \u201cEste a\u00f1o vamos a distribuir a todos los estudiantes del ciclo orientado de nuestra escuela secundaria de gesti\u00f3n estatal una computadora, para poder cubrir toda la matr\u00edcula\u201d, dijo. \u201cAs\u00ed sucesivamente vamos a ir robusteciendo un plan que tiene como eje la distribuci\u00f3n de computadoras a toda la matr\u00edcula de nuestras escuelas de gesti\u00f3n estatal\u201d, afirm\u00f3.<\/p>\n<p>\u201cEn 2015 superamos el 6% de inversi\u00f3n educativa, pero entre 2016 y 2019\u201d -durante la gesti\u00f3n de Mauricio Macri- \u201chubo una ca\u00edda constante del compromiso de inversi\u00f3n\u201d, del 33% en el plano nacional y del 16% en las provincias, sostuvo. Y remarc\u00f3 que eso implic\u00f3 \u201cla desaprensi\u00f3n del Estado en darle continuidad a un proyecto muy necesario como Conectar Igualdad\u201d.<\/p>\n<p>Tras el encuentro del Cippec, Trotta mantuvo una \u201creuni\u00f3n de trabajo\u201d virtual con los ministros de Educaci\u00f3n de las 11 provincias que \u201cpor la realidad epidemiol\u00f3gica pueden proyectar el regreso\u201d a las escuelas. \u201cNueve de ellas, en alg\u00fan momento de agosto\u201d, resalt\u00f3.<\/p>\n","protected":false},"excerpt":{"rendered":"<p>El ministro de Educaci\u00f3n nacional, Nicol\u00e1s Trotta, asegur\u00f3 ayer que trabajan \u201cen una plataforma educativa integral\u201d, de \u201cnavegabilidad absolutamente gratuita para el docente y el estudiante\u201d y de car\u00e1cter federal &nbsp; La plataforma incluir\u00e1 \u201cla administraci\u00f3n de clases y aulas\u201d &#8211; la primera etapa de la iniciativa estar\u00e1 lista el 17 de agosto-, y \u201cm\u00f3dulos que van a permitir videoclases y videollamadas sin consumo de datos del celular\u201d, adem\u00e1s de \u201cchats educativos\u201d. Tambi\u00e9n contar\u00e1 con el repositorio oficial de contenidos educativos del portal Seguimos Educando y de los portales de&#8230;<\/p>\n","protected":false},"author":3,"featured_media":61121,"comment_status":"closed","ping_status":"closed","sticky":false,"template":"","format":"standard","meta":[],"categories":[2],"tags":[],"_links":{"self":[{"href":"https:\/\/www.actualidadadiario.com\/index.php\/wp-json\/wp\/v2\/posts\/64846"}],"collection":[{"href":"https:\/\/www.actualidadadiario.com\/index.php\/wp-json\/wp\/v2\/posts"}],"about":[{"href":"https:\/\/www.actualidadadiario.com\/index.php\/wp-json\/wp\/v2\/types\/post"}],"author":[{"embeddable":true,"href":"https:\/\/www.actualidadadiario.com\/index.php\/wp-json\/wp\/v2\/users\/3"}],"replies":[{"embeddable":true,"href":"https:\/\/www.actualidadadiario.com\/index.php\/wp-json\/wp\/v2\/comments?post=64846"}],"version-history":[{"count":1,"href":"https:\/\/www.actualidadadiario.com\/index.php\/wp-json\/wp\/v2\/posts\/64846\/revisions"}],"predecessor-version":[{"id":64847,"href":"https:\/\/www.actualidadadiario.com\/index.php\/wp-json\/wp\/v2\/posts\/64846\/revisions\/64847"}],"wp:featuredmedia":[{"embeddable":true,"href":"https:\/\/www.actualidadadiario.com\/index.php\/wp-json\/wp\/v2\/media\/61121"}],"wp:attachment":[{"href":"https:\/\/www.actualidadadiario.com\/index.php\/wp-json\/wp\/v2\/media?parent=64846"}],"wp:term":[{"taxonomy":"category","embeddable":true,"href":"https:\/\/www.actualidadadiario.com\/index.php\/wp-json\/wp\/v2\/categories?post=64846"},{"taxonomy":"post_tag","embeddable":true,"href":"https:\/\/www.actualidadadiario.com\/index.php\/wp-json\/wp\/v2\/tags?post=64846"}],"curies":[{"name":"wp","href":"https:\/\/api.w.org\/{rel}","templated":true}]}}