{"id":64840,"date":"2020-07-29T12:47:54","date_gmt":"2020-07-29T15:47:54","guid":{"rendered":"https:\/\/www.actualidadadiario.com\/?p=64840"},"modified":"2020-07-30T16:01:26","modified_gmt":"2020-07-30T19:01:26","slug":"este-miercoles-se-registraron-13-nuevos-casos-de-coronavirus","status":"publish","type":"post","link":"https:\/\/www.actualidadadiario.com\/index.php\/2020\/07\/29\/este-miercoles-se-registraron-13-nuevos-casos-de-coronavirus\/","title":{"rendered":"Este mi\u00e9rcoles se registraron 13 nuevos casos de coronavirus"},"content":{"rendered":"<p style=\"text-align: center;\"><em><strong>El \u00e1rea de Vigilancia Epidemiol\u00f3gica del Ministerio de Salud, confirm\u00f3 que este mi\u00e9rcoles en Entre R\u00edos se registraron 13 nuevos casos de coronavirus<\/strong><\/em><\/p>\n<p>&nbsp;<\/p>\n<p>Los nueve primeros corresponden a la ciudad de Paran\u00e1, ocho son contactos estrechos de pacientes con Covid-19 y el restante su nexo epidemiol\u00f3gico se encuentra en investigaci\u00f3n.<\/p>\n<p>Otros dos casos fueron detectados en la ciudad de Diamante, son contactos estrechos de pacientes ya confirmados con coronavirus.<\/p>\n<p>Asimismo, otro caso fue confirmado en la ciudad de La Paz y cuenta con antecedente de viaje a zona con circulaci\u00f3n local.<\/p>\n<p>Finalmente, un paciente fue detectado en la localidad de Gualeguaych\u00fa y es contacto estrecho de un caso confirmado anteriormente de Covid-19.<\/p>\n<p>De ese modo, en la provincia son 773 los casos confirmados.<\/p>\n","protected":false},"excerpt":{"rendered":"<p>El \u00e1rea de Vigilancia Epidemiol\u00f3gica del Ministerio de Salud, confirm\u00f3 que este mi\u00e9rcoles en Entre R\u00edos se registraron 13 nuevos casos de coronavirus &nbsp; Los nueve primeros corresponden a la ciudad de Paran\u00e1, ocho son contactos estrechos de pacientes con Covid-19 y el restante su nexo epidemiol\u00f3gico se encuentra en investigaci\u00f3n. Otros dos casos fueron detectados en la ciudad de Diamante, son contactos estrechos de pacientes ya confirmados con coronavirus. Asimismo, otro caso fue confirmado en la ciudad de La Paz y cuenta con antecedente de viaje a zona con&#8230;<\/p>\n","protected":false},"author":3,"featured_media":64279,"comment_status":"closed","ping_status":"closed","sticky":false,"template":"","format":"standard","meta":[],"categories":[15],"tags":[],"_links":{"self":[{"href":"https:\/\/www.actualidadadiario.com\/index.php\/wp-json\/wp\/v2\/posts\/64840"}],"collection":[{"href":"https:\/\/www.actualidadadiario.com\/index.php\/wp-json\/wp\/v2\/posts"}],"about":[{"href":"https:\/\/www.actualidadadiario.com\/index.php\/wp-json\/wp\/v2\/types\/post"}],"author":[{"embeddable":true,"href":"https:\/\/www.actualidadadiario.com\/index.php\/wp-json\/wp\/v2\/users\/3"}],"replies":[{"embeddable":true,"href":"https:\/\/www.actualidadadiario.com\/index.php\/wp-json\/wp\/v2\/comments?post=64840"}],"version-history":[{"count":1,"href":"https:\/\/www.actualidadadiario.com\/index.php\/wp-json\/wp\/v2\/posts\/64840\/revisions"}],"predecessor-version":[{"id":64841,"href":"https:\/\/www.actualidadadiario.com\/index.php\/wp-json\/wp\/v2\/posts\/64840\/revisions\/64841"}],"wp:featuredmedia":[{"embeddable":true,"href":"https:\/\/www.actualidadadiario.com\/index.php\/wp-json\/wp\/v2\/media\/64279"}],"wp:attachment":[{"href":"https:\/\/www.actualidadadiario.com\/index.php\/wp-json\/wp\/v2\/media?parent=64840"}],"wp:term":[{"taxonomy":"category","embeddable":true,"href":"https:\/\/www.actualidadadiario.com\/index.php\/wp-json\/wp\/v2\/categories?post=64840"},{"taxonomy":"post_tag","embeddable":true,"href":"https:\/\/www.actualidadadiario.com\/index.php\/wp-json\/wp\/v2\/tags?post=64840"}],"curies":[{"name":"wp","href":"https:\/\/api.w.org\/{rel}","templated":true}]}}