{"id":64838,"date":"2020-07-29T12:47:00","date_gmt":"2020-07-29T15:47:00","guid":{"rendered":"https:\/\/www.actualidadadiario.com\/?p=64838"},"modified":"2020-07-30T16:01:26","modified_gmt":"2020-07-30T19:01:26","slug":"bordet-designo-a-edgardo-scarione-para-reemplazar-a-elias-en-la-caja-de-jubilaciones","status":"publish","type":"post","link":"https:\/\/www.actualidadadiario.com\/index.php\/2020\/07\/29\/bordet-designo-a-edgardo-scarione-para-reemplazar-a-elias-en-la-caja-de-jubilaciones\/","title":{"rendered":"Bordet design\u00f3 a Edgardo Scarione para reemplazar a El\u00edas en la Caja de Jubilaciones"},"content":{"rendered":"<p style=\"text-align: center;\"><em><strong>El gobernador Gustavo Bordet design\u00f3 al contador Edgardo Scarione como nuevo presidente de la Caja de Jubilaciones y Pensiones de la provincia. El profesional, de amplia trayectoria en el organismo, reemplazar\u00e1 a Daniel El\u00edas<\/strong><\/em><\/p>\n<p>&nbsp;<\/p>\n<p>&nbsp;<\/p>\n<p>Scarione se desempe\u00f1aba hasta el momento como Subsecretario de Gesti\u00f3n Administrativa de la Secretar\u00eda General de la Gobernaci\u00f3n, y cuenta con una amplia trayectoria en el organismo previsional de la provincia.<\/p>\n<p>En tanto, El\u00edas trabajar\u00e1 en el \u00e1mbito de la Comisi\u00f3n de Previsi\u00f3n y Seguridad Social de Diputados que preside el legislador entrerriano, Marcelo Casaretto y que, a su vez, integrar\u00e1 una Comisi\u00f3n Bicameral a los efectos de redactar el proyecto del nuevo r\u00e9gimen de movilidad jubilatoria y evaluaci\u00f3n de los Reg\u00edmenes Especiales.<\/p>\n<p>Casaretto fund\u00f3 su pedido en la necesidad de contar con la participaci\u00f3n de El\u00edas a qui\u00e9n se le reconoce su extensa formaci\u00f3n y trayectoria en materia previsional. &#8220;Esto significar\u00e1 un aporte de nuestra provincia a dicha comisi\u00f3n&#8221;, destac\u00f3 el legislador.<\/p>\n<p>El proyecto que se debate actualmente en el Congreso prev\u00e9 tambi\u00e9n las previsiones presupuestarias nacionales para el financiamiento de los sistemas previsionales no transferidos, como es el caso de Entre R\u00edos.<\/p>\n<p>En ese contexto, El\u00edas calific\u00f3 la propuesta como &#8220;un desaf\u00edo hist\u00f3rico de participar junto a nuestro Diputado del debate de\u00a0 los contenidos de esta normativa que impactar\u00e1 en una de las pol\u00edticas p\u00fablica m\u00e1s importantes de nuestro pa\u00eds&#8221;.<\/p>\n<p>De esta manera, El\u00edas deja tras 16 a\u00f1os de trabajo, el cargo de presidente de la Caja de Jubilaciones y Pensiones de la provincia para participar de la discusi\u00f3n y el dise\u00f1o del nuevo r\u00e9gimen de movilidad jubilatoria nacional.<\/p>\n<p>En ese sentido, El\u00edas destac\u00f3 que la Caja de Jubilaciones de la provincia &#8220;cuenta con personal capacitado, eficiente y honesto&#8221;, en el cual, &#8220;quien lleve adelante la conducci\u00f3n del organismo, podr\u00e1 apoyarse para sostener un nivel de gesti\u00f3n como el que merece toda nuestra sociedad&#8221;.<\/p>\n","protected":false},"excerpt":{"rendered":"<p>El gobernador Gustavo Bordet design\u00f3 al contador Edgardo Scarione como nuevo presidente de la Caja de Jubilaciones y Pensiones de la provincia. El profesional, de amplia trayectoria en el organismo, reemplazar\u00e1 a Daniel El\u00edas &nbsp; &nbsp; Scarione se desempe\u00f1aba hasta el momento como Subsecretario de Gesti\u00f3n Administrativa de la Secretar\u00eda General de la Gobernaci\u00f3n, y cuenta con una amplia trayectoria en el organismo previsional de la provincia. En tanto, El\u00edas trabajar\u00e1 en el \u00e1mbito de la Comisi\u00f3n de Previsi\u00f3n y Seguridad Social de Diputados que preside el legislador entrerriano, Marcelo&#8230;<\/p>\n","protected":false},"author":3,"featured_media":60679,"comment_status":"closed","ping_status":"closed","sticky":false,"template":"","format":"standard","meta":[],"categories":[15],"tags":[],"_links":{"self":[{"href":"https:\/\/www.actualidadadiario.com\/index.php\/wp-json\/wp\/v2\/posts\/64838"}],"collection":[{"href":"https:\/\/www.actualidadadiario.com\/index.php\/wp-json\/wp\/v2\/posts"}],"about":[{"href":"https:\/\/www.actualidadadiario.com\/index.php\/wp-json\/wp\/v2\/types\/post"}],"author":[{"embeddable":true,"href":"https:\/\/www.actualidadadiario.com\/index.php\/wp-json\/wp\/v2\/users\/3"}],"replies":[{"embeddable":true,"href":"https:\/\/www.actualidadadiario.com\/index.php\/wp-json\/wp\/v2\/comments?post=64838"}],"version-history":[{"count":1,"href":"https:\/\/www.actualidadadiario.com\/index.php\/wp-json\/wp\/v2\/posts\/64838\/revisions"}],"predecessor-version":[{"id":64839,"href":"https:\/\/www.actualidadadiario.com\/index.php\/wp-json\/wp\/v2\/posts\/64838\/revisions\/64839"}],"wp:featuredmedia":[{"embeddable":true,"href":"https:\/\/www.actualidadadiario.com\/index.php\/wp-json\/wp\/v2\/media\/60679"}],"wp:attachment":[{"href":"https:\/\/www.actualidadadiario.com\/index.php\/wp-json\/wp\/v2\/media?parent=64838"}],"wp:term":[{"taxonomy":"category","embeddable":true,"href":"https:\/\/www.actualidadadiario.com\/index.php\/wp-json\/wp\/v2\/categories?post=64838"},{"taxonomy":"post_tag","embeddable":true,"href":"https:\/\/www.actualidadadiario.com\/index.php\/wp-json\/wp\/v2\/tags?post=64838"}],"curies":[{"name":"wp","href":"https:\/\/api.w.org\/{rel}","templated":true}]}}