{"id":64832,"date":"2020-07-29T12:44:56","date_gmt":"2020-07-29T15:44:56","guid":{"rendered":"https:\/\/www.actualidadadiario.com\/?p=64832"},"modified":"2020-07-30T16:01:26","modified_gmt":"2020-07-30T19:01:26","slug":"entregan-drones-a-la-policia-de-entre-rios-para-los-operativos-contra-los-incendios-en-el-delta-del-parana","status":"publish","type":"post","link":"https:\/\/www.actualidadadiario.com\/index.php\/2020\/07\/29\/entregan-drones-a-la-policia-de-entre-rios-para-los-operativos-contra-los-incendios-en-el-delta-del-parana\/","title":{"rendered":"Entregan drones a la Polic\u00eda de Entre R\u00edos para los operativos contra los incendios en el Delta del Paran\u00e1"},"content":{"rendered":"<p style=\"text-align: center;\"><em><strong>La Ministra de Seguridad de la Naci\u00f3n, Sabina Frederic, se reuni\u00f3 con los secretarios de Seguridad y Pol\u00edtica Criminal, Eduardo Villalba, y de Articulaci\u00f3n Federal, Gabriel Fuks, y con el subsecretario de Intervenci\u00f3n Federal, Luis Morales, para efectuar un balance provisorio sobre la situaci\u00f3n de los incendios en la del Delta del Paran\u00e1, entre Rosario y Entre R\u00edos<\/strong><\/em><\/p>\n<p>&nbsp;<\/p>\n<p>&nbsp;<\/p>\n<p>En el encuentro, los funcionarios repasaron los operativos que la cartera viene realizando en la zona, y el pr\u00f3ximo redespliegue de recursos de la Prefectura Naval para optimizar el control en las islas.<\/p>\n<p>&nbsp;<\/p>\n<p><strong>Acciones<\/strong><\/p>\n<p>En ese sentido, y por decisi\u00f3n judicial, se realizar\u00e1n controles preventivos, mapeos sistem\u00e1ticos en lugares cr\u00edticos, seguimiento geogr\u00e1fico de contig\u00fcidad de siniestros y patrullajes intensos en humedales durante seis meses.<\/p>\n<p>&nbsp;<\/p>\n<p><strong>Aviones, helic\u00f3pteros y drones<\/strong><\/p>\n<p>Asimismo, y por pedido de ambientalistas, el pr\u00f3ximo jueves se lanzar\u00e1n medidas para enfrentar esta problem\u00e1tica compleja, en la que la cartera de Seguridad junto con el Ministerio de Ambiente y Desarrollo Sostenible que encabeza Juan Cabandi\u00e9, el cual, entre varias acciones, provey\u00f3 de drones a la polic\u00eda entrerriana.<\/p>\n<p>Frederic, adem\u00e1s seg\u00fan el parte de prensa remitido a El Entre R\u00edos, convoc\u00f3 a una nueva reuni\u00f3n, esta vez con las autoridades santafesinas, para acordar acciones conjuntas y seguir enfrentando la quema intencional de pastizales.<\/p>\n<p>El Servicio Nacional de Manejo del Fuego (SNMF) y la Polic\u00eda Federal, dependientes del Ministerio de Seguridad ya destinaron tres aviones hidrantes y un helic\u00f3ptero para la sofocaci\u00f3n de estos reiterados incendios.<\/p>\n<p>Entre lunes y martes, Gabriel Fuks orden\u00f3 el quinto operativo de actuaci\u00f3n del Ministerio para trabajar con las fuerzas locales y que da\u00f1an la salud de la poblaci\u00f3n, as\u00ed como el ambiente.<\/p>\n","protected":false},"excerpt":{"rendered":"<p>La Ministra de Seguridad de la Naci\u00f3n, Sabina Frederic, se reuni\u00f3 con los secretarios de Seguridad y Pol\u00edtica Criminal, Eduardo Villalba, y de Articulaci\u00f3n Federal, Gabriel Fuks, y con el subsecretario de Intervenci\u00f3n Federal, Luis Morales, para efectuar un balance provisorio sobre la situaci\u00f3n de los incendios en la del Delta del Paran\u00e1, entre Rosario y Entre R\u00edos &nbsp; &nbsp; En el encuentro, los funcionarios repasaron los operativos que la cartera viene realizando en la zona, y el pr\u00f3ximo redespliegue de recursos de la Prefectura Naval para optimizar el control&#8230;<\/p>\n","protected":false},"author":3,"featured_media":64833,"comment_status":"closed","ping_status":"closed","sticky":false,"template":"","format":"standard","meta":[],"categories":[15],"tags":[],"_links":{"self":[{"href":"https:\/\/www.actualidadadiario.com\/index.php\/wp-json\/wp\/v2\/posts\/64832"}],"collection":[{"href":"https:\/\/www.actualidadadiario.com\/index.php\/wp-json\/wp\/v2\/posts"}],"about":[{"href":"https:\/\/www.actualidadadiario.com\/index.php\/wp-json\/wp\/v2\/types\/post"}],"author":[{"embeddable":true,"href":"https:\/\/www.actualidadadiario.com\/index.php\/wp-json\/wp\/v2\/users\/3"}],"replies":[{"embeddable":true,"href":"https:\/\/www.actualidadadiario.com\/index.php\/wp-json\/wp\/v2\/comments?post=64832"}],"version-history":[{"count":1,"href":"https:\/\/www.actualidadadiario.com\/index.php\/wp-json\/wp\/v2\/posts\/64832\/revisions"}],"predecessor-version":[{"id":64834,"href":"https:\/\/www.actualidadadiario.com\/index.php\/wp-json\/wp\/v2\/posts\/64832\/revisions\/64834"}],"wp:featuredmedia":[{"embeddable":true,"href":"https:\/\/www.actualidadadiario.com\/index.php\/wp-json\/wp\/v2\/media\/64833"}],"wp:attachment":[{"href":"https:\/\/www.actualidadadiario.com\/index.php\/wp-json\/wp\/v2\/media?parent=64832"}],"wp:term":[{"taxonomy":"category","embeddable":true,"href":"https:\/\/www.actualidadadiario.com\/index.php\/wp-json\/wp\/v2\/categories?post=64832"},{"taxonomy":"post_tag","embeddable":true,"href":"https:\/\/www.actualidadadiario.com\/index.php\/wp-json\/wp\/v2\/tags?post=64832"}],"curies":[{"name":"wp","href":"https:\/\/api.w.org\/{rel}","templated":true}]}}