{"id":64826,"date":"2020-07-28T13:09:01","date_gmt":"2020-07-28T16:09:01","guid":{"rendered":"https:\/\/www.actualidadadiario.com\/?p=64826"},"modified":"2020-07-30T16:01:26","modified_gmt":"2020-07-30T19:01:26","slug":"sindicatos-brasilenos-acusan-a-bolsonaro-de-genocidio-ante-la-haya","status":"publish","type":"post","link":"https:\/\/www.actualidadadiario.com\/index.php\/2020\/07\/28\/sindicatos-brasilenos-acusan-a-bolsonaro-de-genocidio-ante-la-haya\/","title":{"rendered":"Sindicatos brasile\u00f1os acusan a Bolsonaro de genocidio ante La Haya"},"content":{"rendered":"<p style=\"text-align: center;\"><em><strong>Los denunciantes cuestionaron la &#8220;estratega genocida&#8221; del mandatario frente al coronavirus y afirmaron que su &#8220;comportamiento irresponsable&#8221;, que expuso a millones de personas, es un &#8220;crimen contra la humanidad&#8221;<\/strong><\/em><\/p>\n<p>&nbsp;<\/p>\n<p>&nbsp;<\/p>\n<p>Una coalici\u00f3n de m\u00e1s de 60 sindicatos brasile\u00f1os acusaron al presidente de Brasil, Jair Bolsonaro, de genocidio ante el Tribunal de La Haya por su gesti\u00f3n de la pandemia de coronavirus, la cual caus\u00f3 una &#8220;tragedia general&#8221; en el pa\u00eds.<\/p>\n<p>&#8220;Bolsonaro ha llevado a cabo una estrategia genocida&#8221;, se\u00f1al\u00f3 C\u00e9lia Regina Costa, una de las voceras de la denuncia y secretaria general del Sindicato de los Trabajadores P\u00fablicos de la Salud en el estado de Sao Paulo (Sindsaude SP), una de las entidades que integran la Red Sindical Brasile\u00f1a UNI-Sa\u00fade, que representa a m\u00e1s de un mill\u00f3n de profesionales de la salud.<\/p>\n<p>La Fiscal\u00eda de la Corte Penal Internacional (CPI) posibilita, a trav\u00e9s del art\u00edculo 15 de su carta fundacional, el Estatuto de Roma, que organizaciones, ONG e incluso personas individuales env\u00eden informaci\u00f3n documentando supuestos delitos, proceso que puede hacerse incluso a trav\u00e9s de un mensaje de correo electr\u00f3nico.<\/p>\n<p>Tan s\u00f3lo en 2019 la Oficina de la Fiscal\u00eda recibi\u00f3 m\u00e1s de 800 de estos mensajes, que son tratados como &#8220;comunicaciones&#8221;, no como denuncias o querellas por responsabilidad penal.<\/p>\n<p>&#8220;Sabemos y somos conscientes que el tribunal tarda. Ya hay otras denuncias contra Bolsonaro y sabemos las limitaciones, pero es importante&#8221;, admiti\u00f3 Costa, sobre las dificultades de que el proceso concluya con la apertura de una investigaci\u00f3n por parte de la CPI.<\/p>\n<p>La sindicalista se\u00f1al\u00f3 que la acusaci\u00f3n tambi\u00e9n tiene como objetivo aumentar la presi\u00f3n interna sobre el presidente brasile\u00f1o con el fin de que &#8220;cambie la l\u00f3gica&#8221; en el manejo de la crisis del coronavirus, una enfermedad de la que se recuper\u00f3 recientemente tras pasar dos semanas convaleciente.<\/p>\n<p>Entre las razones que llevaron a la coalici\u00f3n a presentar la queja ante el tribunal internacional, Costa subray\u00f3 el menosprecio de Bolsonaro hacia la pandemia, la cual lleg\u00f3 a calificar de &#8220;gripecita&#8221;, y la f\u00e9rrea defensa de la cloroquina, un medicamento cuya eficacia en el combate a la Covid-19 no ha sido comprobada cient\u00edficamente, inform\u00f3 la agencia de noticias EFE.<\/p>\n<p>&#8220;Ese comportamiento irresponsable y que afronta las orientaciones de las autoridades internacionales de Salud, con la exposici\u00f3n de millones de personas es crimen contra la humanidad&#8221;, se\u00f1ala la coalici\u00f3n en un documento de m\u00e1s de 64 p\u00e1ginas presentado ante la CPI.<\/p>\n<p>Brasil es actualmente el segundo pa\u00eds del mundo con m\u00e1s casos de coronavirus, unos 2,4 millones, y muertes, cerca de 88.000, por detr\u00e1s de Estados Unidos.<\/p>\n<p>&#8220;Es una tragedia general en el pa\u00eds. Hay mucha responsabilidad por parte del Gobierno, que no mir\u00f3 la pandemia como deber\u00eda&#8221;, recalc\u00f3 la secretar\u00eda general de Sindsaude.<\/p>\n","protected":false},"excerpt":{"rendered":"<p>Los denunciantes cuestionaron la &#8220;estratega genocida&#8221; del mandatario frente al coronavirus y afirmaron que su &#8220;comportamiento irresponsable&#8221;, que expuso a millones de personas, es un &#8220;crimen contra la humanidad&#8221; &nbsp; &nbsp; Una coalici\u00f3n de m\u00e1s de 60 sindicatos brasile\u00f1os acusaron al presidente de Brasil, Jair Bolsonaro, de genocidio ante el Tribunal de La Haya por su gesti\u00f3n de la pandemia de coronavirus, la cual caus\u00f3 una &#8220;tragedia general&#8221; en el pa\u00eds. &#8220;Bolsonaro ha llevado a cabo una estrategia genocida&#8221;, se\u00f1al\u00f3 C\u00e9lia Regina Costa, una de las voceras de la denuncia&#8230;<\/p>\n","protected":false},"author":3,"featured_media":61748,"comment_status":"closed","ping_status":"closed","sticky":false,"template":"","format":"standard","meta":[],"categories":[4],"tags":[],"_links":{"self":[{"href":"https:\/\/www.actualidadadiario.com\/index.php\/wp-json\/wp\/v2\/posts\/64826"}],"collection":[{"href":"https:\/\/www.actualidadadiario.com\/index.php\/wp-json\/wp\/v2\/posts"}],"about":[{"href":"https:\/\/www.actualidadadiario.com\/index.php\/wp-json\/wp\/v2\/types\/post"}],"author":[{"embeddable":true,"href":"https:\/\/www.actualidadadiario.com\/index.php\/wp-json\/wp\/v2\/users\/3"}],"replies":[{"embeddable":true,"href":"https:\/\/www.actualidadadiario.com\/index.php\/wp-json\/wp\/v2\/comments?post=64826"}],"version-history":[{"count":1,"href":"https:\/\/www.actualidadadiario.com\/index.php\/wp-json\/wp\/v2\/posts\/64826\/revisions"}],"predecessor-version":[{"id":64827,"href":"https:\/\/www.actualidadadiario.com\/index.php\/wp-json\/wp\/v2\/posts\/64826\/revisions\/64827"}],"wp:featuredmedia":[{"embeddable":true,"href":"https:\/\/www.actualidadadiario.com\/index.php\/wp-json\/wp\/v2\/media\/61748"}],"wp:attachment":[{"href":"https:\/\/www.actualidadadiario.com\/index.php\/wp-json\/wp\/v2\/media?parent=64826"}],"wp:term":[{"taxonomy":"category","embeddable":true,"href":"https:\/\/www.actualidadadiario.com\/index.php\/wp-json\/wp\/v2\/categories?post=64826"},{"taxonomy":"post_tag","embeddable":true,"href":"https:\/\/www.actualidadadiario.com\/index.php\/wp-json\/wp\/v2\/tags?post=64826"}],"curies":[{"name":"wp","href":"https:\/\/api.w.org\/{rel}","templated":true}]}}