{"id":64804,"date":"2020-07-28T13:02:05","date_gmt":"2020-07-28T16:02:05","guid":{"rendered":"https:\/\/www.actualidadadiario.com\/?p=64804"},"modified":"2020-07-30T16:01:35","modified_gmt":"2020-07-30T19:01:35","slug":"gonzalez-garcia-sostuvo-que-los-elogios-a-la-gestion-sanitaria-llegan-desde-afuera","status":"publish","type":"post","link":"https:\/\/www.actualidadadiario.com\/index.php\/2020\/07\/28\/gonzalez-garcia-sostuvo-que-los-elogios-a-la-gestion-sanitaria-llegan-desde-afuera\/","title":{"rendered":"Gonz\u00e1lez Garc\u00eda sostuvo que los elogios a la gesti\u00f3n sanitaria &#8220;llegan desde afuera&#8221;"},"content":{"rendered":"<p style=\"text-align: center;\"><em><strong>El ministro de Salud visit\u00f3 este lunes Tucum\u00e1n para recorrer hospitales y firmar una serie de convenios, ocasi\u00f3n en la que asegur\u00f3 que desde su cartera est\u00e1n &#8220;trabajando duro para evitar&#8221; un desborde sanitario durante la pandemia de coronavirus<\/strong><\/em><\/p>\n<p>&nbsp;<\/p>\n<p>&nbsp;<\/p>\n<p>El ministro de Salud, Gin\u00e9s Gonz\u00e1lez Garc\u00eda, dijo en Tucum\u00e1n que \u201cSiempre habr\u00e1 cr\u00edticas porque todav\u00eda hay mucha gente que combate el aislamiento y la cuarentena, pero los elogios al pa\u00eds llegan desde afuera&#8221;, se\u00f1al\u00f3 el ministro durante la recorrida realizada junto al gobernador, Juan Manzur, y funcionarios nacionales y locales.<\/p>\n<p>Al ser consultado sobre la posibilidad de un desborde del sistema sanitario a ra\u00edz del aumento de contagios que hubo en los \u00faltimos d\u00edas, Gonz\u00e1lez Garc\u00eda indic\u00f3 que &#8220;hemos trabajado duro para evitarlo&#8221; y precis\u00f3 que Argentina tiene &#8220;el 50% de camas de terapias disponibles en todo el pa\u00eds&#8221;.<\/p>\n<p>Sobre la vacuna contra el coronavirus insisti\u00f3 en que &#8220;todos van a querer tenerla y estamos llevando adelante negociaciones con algunos laboratorios para tener prioridad cuando aparezca&#8221;.<\/p>\n<p>&#8220;No es una cuesti\u00f3n de presupuesto sino de tenerla en tiempo y forma y para eso buscamos la transferencia de tecnolog\u00eda, lo que permitir\u00e1 que la vacuna se elabore aqu\u00ed&#8221;, indic\u00f3, y resalt\u00f3 que &#8220;el fin de esta tragedia llegar\u00e1 cuando tengamos la vacuna&#8221;.<\/p>\n<p>Sobre el dengue el titular de Salud dijo que &#8220;tuvimos un a\u00f1o terrible&#8221; y expres\u00f3 que &#8220;estamos tratando de encontrar una vacuna, la que estamos probando en algunos laboratorios y ojal\u00e1 tengamos respuestas inmediatas&#8221;.<\/p>\n<p>Durante su visita a Tucum\u00e1n, Gonz\u00e1lez Garc\u00eda firm\u00f3 una carta intenci\u00f3n entre la Naci\u00f3n y la Provincia para obras de importancia para Tucum\u00e1n: un centro de almacenamiento masivo de vacunas, la ampliaci\u00f3n del Plan Nacer y el programa SUMAR, adem\u00e1s de la construcci\u00f3n de un Hospital Regional en Alderetes.<\/p>\n<p>Las tres ejecuciones supondr\u00e1n una inversi\u00f3n cercana a los $500 millones, que ser\u00e1n financiados por la Naci\u00f3n y los trabajos deber\u00e1n estar terminados en un plazo de 6 a 36 meses.<\/p>\n<p>&#8220;Buscamos mejorar las prestaciones y servicios, adem\u00e1s de incluir a algunas personas que quedan afuera del sistema de salud, es decir a los mayores de 65 a\u00f1os que no tienen PAMI&#8221;, expres\u00f3.<\/p>\n<p>Manzur indic\u00f3 que &#8220;estamos en una situaci\u00f3n muy compleja, dif\u00edcil e impredecible, pero el sistema nacional en este tiempo se ha fortalecido y ha aumentado la capacidad de respuesta&#8221;.<\/p>\n","protected":false},"excerpt":{"rendered":"<p>El ministro de Salud visit\u00f3 este lunes Tucum\u00e1n para recorrer hospitales y firmar una serie de convenios, ocasi\u00f3n en la que asegur\u00f3 que desde su cartera est\u00e1n &#8220;trabajando duro para evitar&#8221; un desborde sanitario durante la pandemia de coronavirus &nbsp; &nbsp; El ministro de Salud, Gin\u00e9s Gonz\u00e1lez Garc\u00eda, dijo en Tucum\u00e1n que \u201cSiempre habr\u00e1 cr\u00edticas porque todav\u00eda hay mucha gente que combate el aislamiento y la cuarentena, pero los elogios al pa\u00eds llegan desde afuera&#8221;, se\u00f1al\u00f3 el ministro durante la recorrida realizada junto al gobernador, Juan Manzur, y funcionarios nacionales&#8230;<\/p>\n","protected":false},"author":3,"featured_media":64805,"comment_status":"closed","ping_status":"closed","sticky":false,"template":"","format":"standard","meta":[],"categories":[18],"tags":[],"_links":{"self":[{"href":"https:\/\/www.actualidadadiario.com\/index.php\/wp-json\/wp\/v2\/posts\/64804"}],"collection":[{"href":"https:\/\/www.actualidadadiario.com\/index.php\/wp-json\/wp\/v2\/posts"}],"about":[{"href":"https:\/\/www.actualidadadiario.com\/index.php\/wp-json\/wp\/v2\/types\/post"}],"author":[{"embeddable":true,"href":"https:\/\/www.actualidadadiario.com\/index.php\/wp-json\/wp\/v2\/users\/3"}],"replies":[{"embeddable":true,"href":"https:\/\/www.actualidadadiario.com\/index.php\/wp-json\/wp\/v2\/comments?post=64804"}],"version-history":[{"count":1,"href":"https:\/\/www.actualidadadiario.com\/index.php\/wp-json\/wp\/v2\/posts\/64804\/revisions"}],"predecessor-version":[{"id":64806,"href":"https:\/\/www.actualidadadiario.com\/index.php\/wp-json\/wp\/v2\/posts\/64804\/revisions\/64806"}],"wp:featuredmedia":[{"embeddable":true,"href":"https:\/\/www.actualidadadiario.com\/index.php\/wp-json\/wp\/v2\/media\/64805"}],"wp:attachment":[{"href":"https:\/\/www.actualidadadiario.com\/index.php\/wp-json\/wp\/v2\/media?parent=64804"}],"wp:term":[{"taxonomy":"category","embeddable":true,"href":"https:\/\/www.actualidadadiario.com\/index.php\/wp-json\/wp\/v2\/categories?post=64804"},{"taxonomy":"post_tag","embeddable":true,"href":"https:\/\/www.actualidadadiario.com\/index.php\/wp-json\/wp\/v2\/tags?post=64804"}],"curies":[{"name":"wp","href":"https:\/\/api.w.org\/{rel}","templated":true}]}}