{"id":64799,"date":"2020-07-28T13:00:35","date_gmt":"2020-07-28T16:00:35","guid":{"rendered":"https:\/\/www.actualidadadiario.com\/?p=64799"},"modified":"2020-07-30T16:01:35","modified_gmt":"2020-07-30T19:01:35","slug":"macri-es-el-politico-con-peor-imagen-de-toda-la-argentina","status":"publish","type":"post","link":"https:\/\/www.actualidadadiario.com\/index.php\/2020\/07\/28\/macri-es-el-politico-con-peor-imagen-de-toda-la-argentina\/","title":{"rendered":"Macri es el pol\u00edtico con peor imagen de toda la Argentina"},"content":{"rendered":"<p style=\"text-align: center;\"><em><strong>Un sondeo de la consultora Zuban-C\u00f3rdoba arroj\u00f3 que el ex presidente tiene una imagen negativa de casi 70%, la peor de todo el pa\u00eds, por lejos y poco despu\u00e9s de abandonar la cuarentena pol\u00edtica y salir a los medios a pegarle al Gobierno. La contracara es el actual mandatario, Alberto Fern\u00e1ndez, que tiene una consideraci\u00f3n positiva de 63,3% y encabeza el ranking<\/strong><\/em><\/p>\n<p>&nbsp;<\/p>\n<p>&nbsp;<\/p>\n<p>Muchos, hace semanas, destacaron que Mauricio Macri hab\u00eda vuelto a la cancha de la pol\u00edtica, abandonando la &#8220;cuarentena&#8221; en que se hab\u00eda autoexiliado en ese campo, y que, con eso, planificaba retomar la centralidad en la agenda. No le fue bien: una encuesta revel\u00f3 que el ex presidente es, por lejos, el dirigente pol\u00edtico con peor imagen de toda la Argentina.<\/p>\n<p>Seg\u00fan una encuesta de la consultora Zuban C\u00f3rdoba y Asociados, el ex mandatario alcanza un 69,1% de imagen negativa entre los argentinos, mientras que la visi\u00f3n positiva que consigue apenas roza el 30%.<\/p>\n<p>Para colmo, justo cuando en el PRO aseguran que el partido consigui\u00f3 la paz a cambio de que el ex jefe de gobierno porte\u00f1o y Mar\u00eda Eugenia Vidal salgan a defender a Macri y \u00e9ste ceda su liderazo, la contracara es Horacio Rodr\u00edguez Larreta, que invierte los n\u00fameros, y tiene imagen positiva de 61,6% de los encuestados y negativa de s\u00f3lo un 22,3%.<\/p>\n<p>Por el lado del oficialismo, si bien la imagen positiva de Alberto Fern\u00e1ndez registr\u00f3 un pico alt\u00edsimo de m\u00e1s del 84% en abril, actualmente se estabiliz\u00f3 a la baja pero contin\u00faa siendo el pol\u00edtico mejor visto por la poblaci\u00f3n, con un 63,3%. Adem\u00e1s, la imagen negativa s\u00f3lo alcanza un 36,1%. Adem\u00e1s, el 64,5% aprueba su gesti\u00f3n mientras que s\u00f3lo el 34,4% la desaprueba.<\/p>\n<p>En tanto, la actual vicepresidenta, Cristina Fern\u00e1ndez de Kirchner, tambi\u00e9n alcanza un n\u00famero elevado de imagen negativa, con un 52,9%, pero al mismo tiempo consigue un nivel de visi\u00f3n positiva considerable, de un 43,9%.<\/p>\n<p>De esta manera, mientras que CFK tiene un diferencial negativo de 9 puntos, en el caso de Macri el diferencial negativo de casi 40 por ciento.<\/p>\n<p>Seg\u00fan la encuesta, el 50,2% indic\u00f3 que lo apoya actualmente y lo seguir\u00e1 haciendo y el 8,6% no lo apoyaba y ahora s\u00ed lo hace. Este apoyo se observa tambi\u00e9n cuando se les consult\u00f3 a los encuestados acerca de las elecciones legislativas del pr\u00f3ximo a\u00f1o. El 41,8% dijo que votar\u00e1 a candidatos diputados que defiendan a Fern\u00e1ndez.<\/p>\n","protected":false},"excerpt":{"rendered":"<p>Un sondeo de la consultora Zuban-C\u00f3rdoba arroj\u00f3 que el ex presidente tiene una imagen negativa de casi 70%, la peor de todo el pa\u00eds, por lejos y poco despu\u00e9s de abandonar la cuarentena pol\u00edtica y salir a los medios a pegarle al Gobierno. La contracara es el actual mandatario, Alberto Fern\u00e1ndez, que tiene una consideraci\u00f3n positiva de 63,3% y encabeza el ranking &nbsp; &nbsp; Muchos, hace semanas, destacaron que Mauricio Macri hab\u00eda vuelto a la cancha de la pol\u00edtica, abandonando la &#8220;cuarentena&#8221; en que se hab\u00eda autoexiliado en ese campo,&#8230;<\/p>\n","protected":false},"author":3,"featured_media":50424,"comment_status":"closed","ping_status":"closed","sticky":false,"template":"","format":"standard","meta":[],"categories":[18],"tags":[],"_links":{"self":[{"href":"https:\/\/www.actualidadadiario.com\/index.php\/wp-json\/wp\/v2\/posts\/64799"}],"collection":[{"href":"https:\/\/www.actualidadadiario.com\/index.php\/wp-json\/wp\/v2\/posts"}],"about":[{"href":"https:\/\/www.actualidadadiario.com\/index.php\/wp-json\/wp\/v2\/types\/post"}],"author":[{"embeddable":true,"href":"https:\/\/www.actualidadadiario.com\/index.php\/wp-json\/wp\/v2\/users\/3"}],"replies":[{"embeddable":true,"href":"https:\/\/www.actualidadadiario.com\/index.php\/wp-json\/wp\/v2\/comments?post=64799"}],"version-history":[{"count":1,"href":"https:\/\/www.actualidadadiario.com\/index.php\/wp-json\/wp\/v2\/posts\/64799\/revisions"}],"predecessor-version":[{"id":64800,"href":"https:\/\/www.actualidadadiario.com\/index.php\/wp-json\/wp\/v2\/posts\/64799\/revisions\/64800"}],"wp:featuredmedia":[{"embeddable":true,"href":"https:\/\/www.actualidadadiario.com\/index.php\/wp-json\/wp\/v2\/media\/50424"}],"wp:attachment":[{"href":"https:\/\/www.actualidadadiario.com\/index.php\/wp-json\/wp\/v2\/media?parent=64799"}],"wp:term":[{"taxonomy":"category","embeddable":true,"href":"https:\/\/www.actualidadadiario.com\/index.php\/wp-json\/wp\/v2\/categories?post=64799"},{"taxonomy":"post_tag","embeddable":true,"href":"https:\/\/www.actualidadadiario.com\/index.php\/wp-json\/wp\/v2\/tags?post=64799"}],"curies":[{"name":"wp","href":"https:\/\/api.w.org\/{rel}","templated":true}]}}