{"id":64797,"date":"2020-07-28T12:59:41","date_gmt":"2020-07-28T15:59:41","guid":{"rendered":"https:\/\/www.actualidadadiario.com\/?p=64797"},"modified":"2020-07-30T16:01:35","modified_gmt":"2020-07-30T19:01:35","slug":"reforma-judicial-el-presidente-definio-los-11-nombres-que-integraran-el-consejo-asesor","status":"publish","type":"post","link":"https:\/\/www.actualidadadiario.com\/index.php\/2020\/07\/28\/reforma-judicial-el-presidente-definio-los-11-nombres-que-integraran-el-consejo-asesor\/","title":{"rendered":"Reforma judicial: el Presidente defini\u00f3 los 11 nombres que integrar\u00e1n el consejo asesor"},"content":{"rendered":"<p style=\"text-align: center;\"><em><strong>El grupo elegido incluye a especialistas en derecho de distintas \u00e1reas y procedencias: figuran el penalista Alberto Beraldi, abogado de CFK, y la jueza In\u00e9s Weinberg de Roca, a quien Macri hab\u00eda postulado para la Procuraci\u00f3n. Tambi\u00e9n est\u00e1n Enrique Bacigalupo, Andr\u00e9s Gil Dom\u00ednguez, Gustavo Ferreyra, Le\u00f3n Arslanian, Marisa Herrera, Hilda Kogan, Claudia Sbar, Mar\u00eda del Carmen Battaini y Omar Palermo<\/strong><\/em><\/p>\n<p>&nbsp;<\/p>\n<p>&nbsp;<\/p>\n<p>Alberto Fern\u00e1ndez ya defini\u00f3 los nombres de los integrantes del consejo asesor de expertos a quienes encomendar\u00e1 el dise\u00f1o de propuestas para reformar (y tal vez ampliar) la Corte Suprema, el Consejo de la Magistratura y para implementar el sistema acusatorio para el sistema penal y el juicio por jurados a nivel nacional. El Presidente se comunic\u00f3 con los elegidos, que son 11, y los convoc\u00f3 para hacer una presentaci\u00f3n oficial este mi\u00e9rcoles a las 16 horas. Todo indica que los presentar\u00e1 junto con el proyecto de reforma judicial que enviar\u00e1 al Congreso, que apunta a una reestructuraci\u00f3n profunda y extendida de la justicia federal. La comisi\u00f3n tendr\u00e1 un plazo de 90 d\u00edas para presentar propuestas y el objetivo es que se puedan transformar en proyectos de ley.<\/p>\n<p>El grupo de juristas es variado y equilibrado, en g\u00e9nero, especialidades y representaci\u00f3n provincial. As\u00ed como formar\u00e1 parte el penalista y profesor Alberto Beraldi, abogado de Cristina Fern\u00e1ndez de Kirchner, tambi\u00e9n fue convocada la jueza del Superior Tribunal de la Ciudad de Buenos Aires, In\u00e9s Weinberg de Roca, que fue la candidata que el ex presidente Mauricio Macri hab\u00eda postulado (aunque su pliego no fue votado) para estar al frente de la Procuraci\u00f3n General, tras la salida de Alejandra Gils Carb\u00f3. Tambi\u00e9n estar\u00e1, desde Espa\u00f1a, donde vive, el profesor de derecho penal Enrique Bacigalupo. Fueron convocados los constitucionalistas Andr\u00e9s Gil Dom\u00ednguez y Gustavo Ferreyra, el penalista, ex ministro y ex camarista del Juicio a las Juntas Le\u00f3n Arslanian, la jurista Marisa Herrera, que se especializa en derecho de familia y particip\u00f3 \u2013por ejemplo\u2014 de la reforma del C\u00f3digo Civil, y tres juezas: Hilda Kogan, de la Corte bonaerense, Claudia Sbdar, de la Corte tucumana y Mar\u00eda del Carmen Battaini, del superior tribunal de Tierra del Fuego y presidenta de la Junta Federal de Cortes y Superiores Tribunales (JuFeJus). Habr\u00e1 tambi\u00e9n un miembro de la Corte mendocina, Omar Palermo.<\/p>\n<p>El Presidente ya convers\u00f3 con algunos de los juristas los ejes sobre los que se le pedir\u00e1 a la comisi\u00f3n que se expida. Funcionar\u00e1 con un reglamento y podr\u00e1 hacer dict\u00e1menes de mayor\u00eda y de minor\u00eda. El trabajo de los asesores ser\u00e1 ad honorem. Arslanian se perfila como alguien que tendr\u00e1 un peso importante en el equipo. D\u00edas atr\u00e1s almorz\u00f3 con Fern\u00e1ndez en la quinta de Olivos, donde tambi\u00e9n comenzaron a analizar esta agenda de trabajo sobre los grandes temas judiciales con el secretario de Asuntos Estrat\u00e9gicos, Gustavo Beliz. A\u00fan no est\u00e1 confirmado si el acto del mi\u00e9rcoles se har\u00e1 en Olivos o en la Casa Rosada, pero ese es el d\u00eda se\u00f1alado.<\/p>\n<p>El paquete de la reforma judicial (de los tribunales federales, d\u00f3nde habr\u00e1 fusi\u00f3n de fueros y multiplicaci\u00f3n de juzgados, entre otras cosas), sumado al trabajo que se encomendar\u00e1 a la comisi\u00f3n de juristas, pone a la vista un plan ambicioso en materia judicial por parte del Gobierno. La propuesta que se enviar\u00e1 pronto, y que entrar\u00eda por el Senado, es la que apunta a toda una restructuraci\u00f3n de juzgados federales de distintas competencias, aunque todas las miradas est\u00e1n puestas en el fuero penal, que es el m\u00e1s pol\u00edtico, donde se unir\u00e1n los juzgados de Comodoro Py (12), diluyendo su hist\u00f3rico poder\u00eda, con los de penal econ\u00f3mico (que son 11) y a la vez desdoblar\u00e1n, lo que generar\u00e1 46 juzgados. Tambi\u00e9n se fusionar\u00e1n las c\u00e1maras. El trabajo del grupo de expertos tendr\u00e1 sus primeras conclusiones en tres meses y analizar\u00e1n temas sujetos a hist\u00f3ricas controversias:<\/p>\n<p>&nbsp;<\/p>\n<p>* La integraci\u00f3n y el funcionamiento de la Corte Suprema. Hoy el alto tribunal tiene cinco miembros, un n\u00famero controvertido por la concentraci\u00f3n de poder que implica, m\u00e1s a\u00fan teniendo en cuenta que para poder tomar decisiones tres votos supremos son mayor\u00eda suficiente. Un sector de la comunidad jur\u00eddica alienta la ampliaci\u00f3n de la Corte y su divisi\u00f3n en salas, cada una con una especialidad (por ejemplo penal, derecho p\u00fablico, derecho privado). Es una propuesta con posibilidades de crecer. Tambi\u00e9n analizar\u00e1n los asesores el funcionamiento y los alcances del recurso extraordinario ante la Corte, los criterios de admisibilidad y los tiempos de resoluci\u00f3n.<\/p>\n<p>&nbsp;<\/p>\n<p>* El funcionamiento e integraci\u00f3n del Consejo de la Magistratura, organismo que elige y sanciona a los jueces. Hoy tiene 13 miembros, de acuerdo a la \u00faltima reforma, del a\u00f1o 2006, que todav\u00eda tiene un fallo pendiente en la Corte. Se le suele recriminar falta de eficacia y estar signado por manejos pol\u00edticos. Esto \u00faltimo parece esperable teniendo en cuenta que parte sus representantes\/integrantes son diputados y senadores, adem\u00e1s de abogados, jueces y un acad\u00e9mico. El Consejo tendr\u00e1 un papel clave ante la futura multiplicaci\u00f3n de cargos de jueces y juezas que traer\u00eda la reforma judicial. Tambi\u00e9n ser\u00e1 el tema que promete suscitar m\u00e1s discusiones entre los juristas.<\/p>\n<p>* Sistema acusatorio: el nuevo sistema procesal ya est\u00e1 aprobado por ley pero no se ha implementado; es el que da protagonismo a los fiscales en los procesos penales y que otorga a los jueces papeles de garantes, por lo que dejar\u00edan de revisar lo que ellos mismos hacen. El proceso va camino a ser casi completamente oral y tener tiempos m\u00e1s cortos. Todo esto requiere una reestructuraci\u00f3n del funcionamiento del ministerio p\u00fablico fiscal, tambi\u00e9n de la defensa, y de la propia Procuraci\u00f3n General. De esto se ocupar\u00e1 tambi\u00e9n la comisi\u00f3n, mientras deber\u00eda avanzar, adem\u00e1s, la designaci\u00f3n de un\/a titular de la Procuraci\u00f3n, para lo que fue postulado Daniel Rafecas.<\/p>\n<p>&nbsp;<\/p>\n<p>* Juicio por jurados. Los jurados integrados por ciudadanos comunes ya funcionan en varias provincias para los delitos m\u00e1s graves, como los homicidios. Suelen estar integrados por 12 personas, que se sortean del padr\u00f3n electoral con ciertos requisitos, que pueden declarar a un acusado \u201cculpable\u201d o \u201cno culpable\u201d. Es un sistema que est\u00e1 establecido en la Constituci\u00f3n Nacional pero nunca se implement\u00f3 de manera federal. La idea es que la comisi\u00f3n proponga c\u00f3mo hacerlo.<\/p>\n","protected":false},"excerpt":{"rendered":"<p>El grupo elegido incluye a especialistas en derecho de distintas \u00e1reas y procedencias: figuran el penalista Alberto Beraldi, abogado de CFK, y la jueza In\u00e9s Weinberg de Roca, a quien Macri hab\u00eda postulado para la Procuraci\u00f3n. Tambi\u00e9n est\u00e1n Enrique Bacigalupo, Andr\u00e9s Gil Dom\u00ednguez, Gustavo Ferreyra, Le\u00f3n Arslanian, Marisa Herrera, Hilda Kogan, Claudia Sbar, Mar\u00eda del Carmen Battaini y Omar Palermo &nbsp; &nbsp; Alberto Fern\u00e1ndez ya defini\u00f3 los nombres de los integrantes del consejo asesor de expertos a quienes encomendar\u00e1 el dise\u00f1o de propuestas para reformar (y tal vez ampliar) la&#8230;<\/p>\n","protected":false},"author":3,"featured_media":56822,"comment_status":"closed","ping_status":"closed","sticky":false,"template":"","format":"standard","meta":[],"categories":[9],"tags":[],"_links":{"self":[{"href":"https:\/\/www.actualidadadiario.com\/index.php\/wp-json\/wp\/v2\/posts\/64797"}],"collection":[{"href":"https:\/\/www.actualidadadiario.com\/index.php\/wp-json\/wp\/v2\/posts"}],"about":[{"href":"https:\/\/www.actualidadadiario.com\/index.php\/wp-json\/wp\/v2\/types\/post"}],"author":[{"embeddable":true,"href":"https:\/\/www.actualidadadiario.com\/index.php\/wp-json\/wp\/v2\/users\/3"}],"replies":[{"embeddable":true,"href":"https:\/\/www.actualidadadiario.com\/index.php\/wp-json\/wp\/v2\/comments?post=64797"}],"version-history":[{"count":1,"href":"https:\/\/www.actualidadadiario.com\/index.php\/wp-json\/wp\/v2\/posts\/64797\/revisions"}],"predecessor-version":[{"id":64798,"href":"https:\/\/www.actualidadadiario.com\/index.php\/wp-json\/wp\/v2\/posts\/64797\/revisions\/64798"}],"wp:featuredmedia":[{"embeddable":true,"href":"https:\/\/www.actualidadadiario.com\/index.php\/wp-json\/wp\/v2\/media\/56822"}],"wp:attachment":[{"href":"https:\/\/www.actualidadadiario.com\/index.php\/wp-json\/wp\/v2\/media?parent=64797"}],"wp:term":[{"taxonomy":"category","embeddable":true,"href":"https:\/\/www.actualidadadiario.com\/index.php\/wp-json\/wp\/v2\/categories?post=64797"},{"taxonomy":"post_tag","embeddable":true,"href":"https:\/\/www.actualidadadiario.com\/index.php\/wp-json\/wp\/v2\/tags?post=64797"}],"curies":[{"name":"wp","href":"https:\/\/api.w.org\/{rel}","templated":true}]}}