{"id":64795,"date":"2020-07-28T12:58:53","date_gmt":"2020-07-28T15:58:53","guid":{"rendered":"https:\/\/www.actualidadadiario.com\/?p=64795"},"modified":"2020-07-30T16:01:35","modified_gmt":"2020-07-30T19:01:35","slug":"nacion-amplia-linea-de-prestamo-a-provincias","status":"publish","type":"post","link":"https:\/\/www.actualidadadiario.com\/index.php\/2020\/07\/28\/nacion-amplia-linea-de-prestamo-a-provincias\/","title":{"rendered":"Naci\u00f3n ampl\u00eda l\u00ednea de pr\u00e9stamo a provincias"},"content":{"rendered":"<p style=\"text-align: center;\"><em><strong>La asistencia est\u00e1 contemplada en el proyecto de extensi\u00f3n de partidas presupuestarias enviada al Congreso. Cr\u00e9ditos y ATN sumar\u00e1n $170.000 millones. La Rioja recibir\u00e1 $7.100M extracoparticipables<\/strong><\/em><\/p>\n<p>&nbsp;<\/p>\n<p>&nbsp;<\/p>\n<p>La iniciativa de ampliaci\u00f3n del Presupuesto que el Ejecutivo Nacional gir\u00f3 al Congreso llev\u00f3 buenas noticias para los gobernadores por la inclusi\u00f3n de una partida adicional de $50.000 millones al programa de asistencia financiera a las provincias, creado en abril, que constaba de $120.000 millones, entre Aportes del Tesoro (ATN) y pr\u00e9stamos del Fondo Fiduciario de Desarrollo Provincial (FFDP). El riojano Ricardo Quintela celebr\u00f3 por duplicado, ya que se le asign\u00f3 un extra de $7.100 millones por el punto de coparticipaci\u00f3n perdido cuando se gest\u00f3 ese sistema de reparto a finales de los ochenta. Una negociaci\u00f3n que todos los a\u00f1os encara La Rioja cuando se discute la pauta de gastos nacional.<\/p>\n<p>\u201cEs menester destacar, las asistencias a la Provincia de La Rioja y a Municipios de la citada Provincia y el incremento del Fondo Fiduciario de Desarrollo Provincial\u201d, menciona el proyecto firmado por el presidente Alberto Fern\u00e1ndez, el jefe de Gabinete Santiago Cafiero y el ministro de Econom\u00eda Mart\u00edn Guzm\u00e1n. Antes, espec\u00edfica que es a los fines de \u201catender el normal funcionamiento de las finanzas provinciales, cubriendo los requerimientos de sectores sensibles como salud, educaci\u00f3n y transporte, entre otros\u201d. Se sabe, la pandemia presion\u00f3 en efecto tijera: por un lado, mayores gastos en salud y contenci\u00f3n social y, por otro, una menor recaudaci\u00f3n en todos los distritos.<\/p>\n<p>Los $50.000 millones adicionales se destinar\u00e1n al FFDP. Es decir, un esquema de pr\u00e9stamos blandos de Naci\u00f3n a las provincias, que as\u00ed tendr\u00e1 disponible $110.000 millones, en paralelo a los $60.000 millones de ATN. Estos \u00faltimos se distribuyen en base al \u00edndice de coparticipaci\u00f3n y no son reembolsables, mientras que los pr\u00e9samos ponderan tambi\u00e9n el \u00edndice de necesidades insatisfechas, nivel de formalidad de la econom\u00eda, tasa de contagios de Covid y obligaciones financieras por delante. Un mix m\u00e1s complejo y que han solicitado, con distinto \u00e9xito, unas quince provincias. Hasta el momento se acord\u00f3 asistencia por $47.050 millones, de los cuales ya se han hecho efectivos $41.725 millones. Ahora, se podr\u00e1n asignar otros $62.950 millones con la ampliaci\u00f3n presupuestaria.<\/p>\n<p>Los gobernadores que mayor monto recibieron fueron el tucumano Juan Manzur ($6.000 millones), seguidos por el chubutense Mariano Arcioni y el neuquino Omar Guti\u00e9rrez (ambos $5.000 millones). El riojano Quintela, por su parte, pidi\u00f3 la menor cifra: firm\u00f3 por $550 millones de los cuales se le han pagado $275 millones, de acuerdo a fuentes del Gobierno nacional. \u201cLa diferencia entre lo firmado y pagado es que algunas provincias recibieron una cuota del pr\u00e9stamos porque firmaron m\u00e1s tarde y estar\u00e1n recibiendo en las pr\u00f3ximas semanas\u201d, aclararon. En esa l\u00ednea, el salte\u00f1o Gustavo S\u00e1enz a\u00fan no recibi\u00f3 los $2.100 millones; y a los radicales de Mendoza y Jujuy, Rodolfo Suarez y Gerardo Morales, as\u00ed como el fueguino Gustavo Melella (FORJA) se les deposit\u00f3 un 50% de lo pactado, al igual que a La Rioja.<\/p>\n<p>Aunque el gobernador de esta \u00faltima provincia cerr\u00f3 un acuerdo de fondos extracoparticipables por $7.100 millones y $340 millones para municipios, un pedido que hace todos los a\u00f1os para compensar el 1% que no est\u00e1 establecido en el r\u00e9gimen de distribuci\u00f3n -y que le cuesta conseguir m\u00e1s cuando en Naci\u00f3n no gobierna el PJ-. \u201cEs una actualizaci\u00f3n que est\u00e1 en el Presupuesto 2019 reconducido\u201d, dijeron desde despachos riojanos a este medio, y aclararon que la puja por esos fondos hab\u00eda comenzado en la gesti\u00f3n Macri.<\/p>\n<p>Por el ensanche de cr\u00e9ditos del FFDP, las provincias ahora barajan nuevos pedidos a Naci\u00f3n. \u201cVamos a evaluar la recaudaci\u00f3n de julio y agosto para decidir\u201d, dijo a \u00c1mbito Financiero un ministro de Econom\u00eda de un distrito peronista. En otras provincias, buscar\u00e1n recibir nuevos cr\u00e9ditos, ya que en la tanda inicial se les concedi\u00f3 un importe menor al solicitado y entienden que obedeci\u00f3 a criterios discrecionales. &#8220;A\u00fan falta para ejecutar el total de la ayuda anterior&#8221;, agregaron desde la Patagonia.<\/p>\n<p>&nbsp;<\/p>\n<p><strong>Obras y transferencias<\/strong><\/p>\n<p>La otra pata del programa de asistencia son los ATN, que se mantienen estables en $60.000 millones y se liberan de a tandas de $20.000 millones.<\/p>\n<p>Esa caja debe repartirse de acuerdo a los criterios de coparticipaci\u00f3n. Hasta ahora ya se han girado $38.332,5 millones a las provincias. El bonaerense Axel Kicillof recibi\u00f3 $8.971,5 millones, seguido por el cordob\u00e9s Juan Schiaretti y el santafesino Omar Perotti, ambos con un monto cercano a los $3.170 millones (ver cuadro).<\/p>\n<p>Tambi\u00e9n en sinton\u00eda con la asistencia a provincias, los ministros del Interior, Wado de Pedro; de Desarrollo Productivo, Mat\u00edas Kulfas; y de Econom\u00eda, Mart\u00edn Guzm\u00e1n,manten\u00edan reuniones virtuales con los gobernadores S\u00e1enz (Salta), Morales (Jujuy) y Quintela (La Rioja).<\/p>\n<p>Los encuentros son la continuidad de la convocatoria que comenz\u00f3 la semana pasada en lotes por regiones y que buscan sellar con los mandatarios un plan de obras integradas. Es decir, evitar \u201cpedidos sueltos\u201d, como dijeron a este diario desde la Casa Rosada, y avanzar en desarrollos de proyectos estrat\u00e9gicos que involucren a varias provincias.<\/p>\n<p>Hasta el momento, las solicitudes incluyeron desde zonas francas, conectividad, hidrov\u00edas, obras portuarias, acu\u00edferos, energ\u00edas renovables y en rutas de todo el pa\u00eds.<\/p>\n","protected":false},"excerpt":{"rendered":"<p>La asistencia est\u00e1 contemplada en el proyecto de extensi\u00f3n de partidas presupuestarias enviada al Congreso. Cr\u00e9ditos y ATN sumar\u00e1n $170.000 millones. La Rioja recibir\u00e1 $7.100M extracoparticipables &nbsp; &nbsp; La iniciativa de ampliaci\u00f3n del Presupuesto que el Ejecutivo Nacional gir\u00f3 al Congreso llev\u00f3 buenas noticias para los gobernadores por la inclusi\u00f3n de una partida adicional de $50.000 millones al programa de asistencia financiera a las provincias, creado en abril, que constaba de $120.000 millones, entre Aportes del Tesoro (ATN) y pr\u00e9stamos del Fondo Fiduciario de Desarrollo Provincial (FFDP). El riojano Ricardo&#8230;<\/p>\n","protected":false},"author":3,"featured_media":60695,"comment_status":"closed","ping_status":"closed","sticky":false,"template":"","format":"standard","meta":[],"categories":[9],"tags":[],"_links":{"self":[{"href":"https:\/\/www.actualidadadiario.com\/index.php\/wp-json\/wp\/v2\/posts\/64795"}],"collection":[{"href":"https:\/\/www.actualidadadiario.com\/index.php\/wp-json\/wp\/v2\/posts"}],"about":[{"href":"https:\/\/www.actualidadadiario.com\/index.php\/wp-json\/wp\/v2\/types\/post"}],"author":[{"embeddable":true,"href":"https:\/\/www.actualidadadiario.com\/index.php\/wp-json\/wp\/v2\/users\/3"}],"replies":[{"embeddable":true,"href":"https:\/\/www.actualidadadiario.com\/index.php\/wp-json\/wp\/v2\/comments?post=64795"}],"version-history":[{"count":1,"href":"https:\/\/www.actualidadadiario.com\/index.php\/wp-json\/wp\/v2\/posts\/64795\/revisions"}],"predecessor-version":[{"id":64796,"href":"https:\/\/www.actualidadadiario.com\/index.php\/wp-json\/wp\/v2\/posts\/64795\/revisions\/64796"}],"wp:featuredmedia":[{"embeddable":true,"href":"https:\/\/www.actualidadadiario.com\/index.php\/wp-json\/wp\/v2\/media\/60695"}],"wp:attachment":[{"href":"https:\/\/www.actualidadadiario.com\/index.php\/wp-json\/wp\/v2\/media?parent=64795"}],"wp:term":[{"taxonomy":"category","embeddable":true,"href":"https:\/\/www.actualidadadiario.com\/index.php\/wp-json\/wp\/v2\/categories?post=64795"},{"taxonomy":"post_tag","embeddable":true,"href":"https:\/\/www.actualidadadiario.com\/index.php\/wp-json\/wp\/v2\/tags?post=64795"}],"curies":[{"name":"wp","href":"https:\/\/api.w.org\/{rel}","templated":true}]}}