{"id":64791,"date":"2020-07-28T12:57:11","date_gmt":"2020-07-28T15:57:11","guid":{"rendered":"https:\/\/www.actualidadadiario.com\/?p=64791"},"modified":"2020-07-30T16:01:35","modified_gmt":"2020-07-30T19:01:35","slug":"educacion-como-avanzan-los-planes-para-volver-a-las-aulas-en-las-provincias","status":"publish","type":"post","link":"https:\/\/www.actualidadadiario.com\/index.php\/2020\/07\/28\/educacion-como-avanzan-los-planes-para-volver-a-las-aulas-en-las-provincias\/","title":{"rendered":"Educaci\u00f3n: c\u00f3mo avanzan los planes para volver a las aulas en las provincias"},"content":{"rendered":"<p style=\"text-align: center;\"><em><strong>Relevamiento sobre los 9 distritos con mayor grado de adelanto en el retorno a la presencialidad. Gobernadores pulen protocolos, alineados con Naci\u00f3n. San Juan y Santiago exploran el 10 y el 18 de agosto, y recalculan San Luis y Catamarca. Sin fecha a\u00fan en el resto. Cautela, y foco en egresados y en localidades chicas<\/strong><\/em><\/p>\n<p>&nbsp;<\/p>\n<p>&nbsp;<\/p>\n<p>Sobre el inicio de la segunda mitad escolar del a\u00f1o, el trabajo de orfebrer\u00eda para un retorno a las clases presenciales en tiempos de pandemia es una tarea multidisciplinaria y compleja en la que avanzan las provincias en coordinaci\u00f3n con el Gobierno nacional, hasta el momento con pocas confirmaciones en materia de fechas.<\/p>\n<p>Todo el esquema est\u00e1 atado a la curva de contagios, y de hecho el protocolo de rigor acordado con Naci\u00f3n apunta a promover el regreso progresivo a las aulas s\u00f3lo en distritos con baja o nula circulaci\u00f3n viral.<\/p>\n<p>Alumnos de la Puna catamarque\u00f1a, durante una fugaz experiencia de una semana de clases este a\u00f1o, en el cierre del ciclo escolar local. El desaf\u00edo sigue.<\/p>\n<p>Bajo ese escenario, en los \u00faltimos d\u00edas los zigzagueos que mostr\u00f3 el coronavirus incluso en distritos con menores apremios epidemiol\u00f3gicos llev\u00f3 a algunos mandatarios a extremar la cautela y a recalcular los calendarios que exploraban inicialmente. El combo se completa con los temores que cruzan a familias y docentes a la hora de pensar en un retorno f\u00edsico a las escuelas, y que ya inst\u00f3 a algunos gobernadores a plantear retornos de car\u00e1cter \u201cvoluntario\u201d.<\/p>\n<p>Las provincias mantienen contacto asiduo con el ministro de Educaci\u00f3n Nicol\u00e1s Trotta, que viene de consensuar los protocolos de seguridad para un retorno a clases presenciales cuando la situaci\u00f3n epidemiol\u00f3gica lo permita (ya fueron avalados los de educaci\u00f3n primaria, secundaria y universitaria, y resta el de jardines) y avanza en una campa\u00f1a nacional para trabajar sobre los temores de la comunidad educativa. Adem\u00e1s lanz\u00f3 fondos por $ 2.300 millones para apuntalar la infraestructura escolar y la compra de insumos de higiene.<\/p>\n<p>Con esos esfuerzos como tel\u00f3n de fondo, el escenario es dispar en el lote de nueve provincias presentadas como las de mayor avance en materia de retorno a las aulas:<\/p>\n<p><strong>* En San Juan (21 casos confirmados),<\/strong> el peronista Sergio U\u00f1ac apunta a un retorno el 10 de agosto en 14 de los 19 departamentos (no incluye al Gran San Juan, que aglutina a la capital e involucra a cerca del 65% del alumnado). La avanzada alcanzar\u00e1 a alumnos de los \u00faltimos a\u00f1os de los niveles primario, secundario y de educaci\u00f3n de adultos, y combinar\u00e1 clases presenciales con continuidad remota. El plan -alineado con el protocolo nacional- ya tiene el aval del Comit\u00e9 Covid-19 local (un primer paso necesario) y el ministro de Educaci\u00f3n, Felipe De Los R\u00edos, ya se lo elev\u00f3 a Trotta en pos de la autorizaci\u00f3n final.<\/p>\n<p>&nbsp;<\/p>\n<p><strong>* En Santiago del Estero (49 casos),<\/strong> la administraci\u00f3n de Gerardo Zamora avanza hacia un regreso a clases presenciales el 18 de agosto, para 7mo. grado y 5to. y 6to. a\u00f1o del secundario. El m\u00e1ximo por aula ser\u00eda de 15 alumnos, con alternancia semanal en la asistencia de los grupos (y tareas tutoriales en los domicilios). Habr\u00e1 bancos distanciados, acceso a alcohol en gel y cambios en el horario de ingreso, entre otras medidas.<\/p>\n<p>&nbsp;<\/p>\n<p><strong>* En San Luis (19 casos),<\/strong> la senda abierta por el gobernador Alberto Rodr\u00edguez Sa\u00e1 apuntaba a un regreso el 10 de agosto, para alumnos de primer grado y del \u00faltimo a\u00f1o de la secundaria, con cursada presencial por mitades (lunes\/mi\u00e9rcoles\/viernes, y martes\/jueves\/s\u00e1bado). Y con asistencia voluntaria de alumnos, en funci\u00f3n de cada familia.<\/p>\n<p>Sin embargo, en las \u00faltimas horas puso un pie en el freno, a partir de la curva de contagios en la regi\u00f3n. \u201cVamos a repensar todo y lo aplazaremos para fin de mes o principios de septiembre, cuando el fr\u00edo haya aflojado y sepamos el status sanitario de ese momento; les pido que no nos relajemos\u201d, dijo el viernes en su reporte diario.<\/p>\n<p>&nbsp;<\/p>\n<p><strong>* En Tucum\u00e1n (119 casos),<\/strong> el regreso ser\u00eda a fin de agosto, en escuelas con menos de 100 alumnos (ubicadas en su mayor\u00eda en zonas rurales, y sin alcanzar al Gran San Miguel de Tucum\u00e1n). Se formar\u00e1n dos grupos por aula que asistir\u00e1n dos d\u00edas por semana, y los mi\u00e9rcoles ser\u00e1n desinfectadas las escuelas. Ser\u00e1 con car\u00e1cter optativo para los estudiantes. \u201cNo vamos a obligarlos porque queremos que la confianza le gane al miedo\u201d, dijo el ministro de Educaci\u00f3n de Juan Manzur, Juan Pablo Lichtmajer.<\/p>\n<p>&nbsp;<\/p>\n<p><strong>* En Santa Fe (939 casos),<\/strong> la estrategia de Omar Perotti explora un retorno a mediados o fines de agosto, en unas 400 escuelas de peque\u00f1as localidades del centro-norte provincial que no fueron impactadas por el coronavirus. Son escuelas ligadas a la ruralidad, de menos de 200 alumnos. La ministra de Educaci\u00f3n, Adriana Cantero, habla de \u201cburbuja comunitaria\u201d como concepto de trabajo. La decisi\u00f3n final ser\u00e1 tomada la tercera semana de agosto.<\/p>\n<p>&nbsp;<\/p>\n<p><strong>* En Catamarca (60 casos),<\/strong> tras el cimbronazo por la llegada del Covid que cambi\u00f3 los planes que apuntaban al 3-A, el foco est\u00e1 ahora puesto en fines de agosto o septiembre, s\u00f3lo en los \u00faltimos a\u00f1os de la primaria y la secundaria de toda la provincia -inclu\u00edda la capital- y combinado con continuidad de manera remota en las casas.<\/p>\n<p>En el entorno del justicialista Ra\u00fal Jalil son cautos. \u201cPor ahora s\u00f3lo tenemos 27 casos activos y estamos en Fase 5, pero mientras otras provincias no est\u00e9n en la misma situaci\u00f3n es muy complejo\u201d, dijeron ante Ambito, con la mirada en el tr\u00e1fico constante que reciben desde Salta, Jujuy, La Rioja, Santiago del Estero y Tucum\u00e1n.<\/p>\n<p>&nbsp;<\/p>\n<p><strong>* En Misiones (49 casos),<\/strong> en sinton\u00eda, tambi\u00e9n est\u00e1n encendidas las luces de alerta en materia de fechas, sobre todo frente a la amenaza cercana que les representan la vor\u00e1gine de contagios en Brasil. Cuando ocurra, la prioridad de Oscar Herrera Ahuad tambi\u00e9n estar\u00e1 puesta en los alumnos que egresen de la primaria y la secundaria.<\/p>\n<p>Por de pronto, este lunes los alumnos volvieron a las clases remotas tras el receso invernal, con fuerte protagonismo de la plataforma local Guacurar\u00ed, en la cual ya est\u00e1n alojadas todas las escuelas de la provincia. Misiones es adem\u00e1s una de las diez provincias del NOA y NEA alcanzadas por la entrega de 55 mil netbooks y 22 mil tablets desde la cartera de Trotta -en paralelo al foco en el Conurbano bonaerense- para facilitar el acceso a la tecnolog\u00eda por parte de los estudiantes.<\/p>\n<p>&nbsp;<\/p>\n<p><strong>* En Corrientes (138 casos)<\/strong> tampoco hay fecha de retorno a clases, aunque el gobierno del radical Gustavo Vald\u00e9s tambi\u00e9n avanza -como el resto de las provincias- en el dise\u00f1o de los protocolos locales. La decisi\u00f3n final ser\u00e1 tomada en agosto, y el inicio ser\u00e1 en escuelas de impronta rural, para luego ir incorporando zonas suburbanas.<\/p>\n<p>&nbsp;<\/p>\n<p><strong>* Formosa (78 casos)<\/strong> tambi\u00e9n transita un escenario sin fechas confirmadas, mientras siguen con lupa la curva local y la situaci\u00f3n de Clorinda, la segunda ciudad. \u201cLas clases volver\u00e1n en Formosa cuando el gobernador y el Consejo de Atenci\u00f3n Integral a la Emergencia Covid-19 as\u00ed lo decidan\u201d, dijo d\u00edas atr\u00e1s el ministro de Cultura y Educaci\u00f3n de Gildo Insfr\u00e1n, Alberto Zorrilla.<\/p>\n","protected":false},"excerpt":{"rendered":"<p>Relevamiento sobre los 9 distritos con mayor grado de adelanto en el retorno a la presencialidad. Gobernadores pulen protocolos, alineados con Naci\u00f3n. San Juan y Santiago exploran el 10 y el 18 de agosto, y recalculan San Luis y Catamarca. Sin fecha a\u00fan en el resto. Cautela, y foco en egresados y en localidades chicas &nbsp; &nbsp; Sobre el inicio de la segunda mitad escolar del a\u00f1o, el trabajo de orfebrer\u00eda para un retorno a las clases presenciales en tiempos de pandemia es una tarea multidisciplinaria y compleja en la&#8230;<\/p>\n","protected":false},"author":3,"featured_media":61952,"comment_status":"closed","ping_status":"closed","sticky":false,"template":"","format":"standard","meta":[],"categories":[2],"tags":[],"_links":{"self":[{"href":"https:\/\/www.actualidadadiario.com\/index.php\/wp-json\/wp\/v2\/posts\/64791"}],"collection":[{"href":"https:\/\/www.actualidadadiario.com\/index.php\/wp-json\/wp\/v2\/posts"}],"about":[{"href":"https:\/\/www.actualidadadiario.com\/index.php\/wp-json\/wp\/v2\/types\/post"}],"author":[{"embeddable":true,"href":"https:\/\/www.actualidadadiario.com\/index.php\/wp-json\/wp\/v2\/users\/3"}],"replies":[{"embeddable":true,"href":"https:\/\/www.actualidadadiario.com\/index.php\/wp-json\/wp\/v2\/comments?post=64791"}],"version-history":[{"count":1,"href":"https:\/\/www.actualidadadiario.com\/index.php\/wp-json\/wp\/v2\/posts\/64791\/revisions"}],"predecessor-version":[{"id":64792,"href":"https:\/\/www.actualidadadiario.com\/index.php\/wp-json\/wp\/v2\/posts\/64791\/revisions\/64792"}],"wp:featuredmedia":[{"embeddable":true,"href":"https:\/\/www.actualidadadiario.com\/index.php\/wp-json\/wp\/v2\/media\/61952"}],"wp:attachment":[{"href":"https:\/\/www.actualidadadiario.com\/index.php\/wp-json\/wp\/v2\/media?parent=64791"}],"wp:term":[{"taxonomy":"category","embeddable":true,"href":"https:\/\/www.actualidadadiario.com\/index.php\/wp-json\/wp\/v2\/categories?post=64791"},{"taxonomy":"post_tag","embeddable":true,"href":"https:\/\/www.actualidadadiario.com\/index.php\/wp-json\/wp\/v2\/tags?post=64791"}],"curies":[{"name":"wp","href":"https:\/\/api.w.org\/{rel}","templated":true}]}}