{"id":64786,"date":"2020-07-28T12:55:33","date_gmt":"2020-07-28T15:55:33","guid":{"rendered":"https:\/\/www.actualidadadiario.com\/?p=64786"},"modified":"2020-07-30T16:01:35","modified_gmt":"2020-07-30T19:01:35","slug":"avanza-linea-de-creditos-subsidiada-para-que-los-docentes-puedan-adquirir-una-laptop","status":"publish","type":"post","link":"https:\/\/www.actualidadadiario.com\/index.php\/2020\/07\/28\/avanza-linea-de-creditos-subsidiada-para-que-los-docentes-puedan-adquirir-una-laptop\/","title":{"rendered":"Avanza l\u00ednea de cr\u00e9ditos subsidiada para que los docentes puedan adquirir una laptop"},"content":{"rendered":"<p style=\"text-align: center;\"><em><strong>Se trata de un plan de hasta 36 cuotas a tasa subsidiada por el Ministerio de Educaci\u00f3n. Tambi\u00e9n se asiste a provincias con $2 mil millones para apuntalar protocolos sanitarios de regreso escalonado a clases presenciales<\/strong><\/em><\/p>\n<p>&nbsp;<\/p>\n<p>&nbsp;<\/p>\n<p>El Ministerio de Educaci\u00f3n junto con el Banco de la Naci\u00f3n Argentina y el apoyo del Ministerio de Desarrollo Productivo lanzar\u00e1n ma\u00f1ana una nueva l\u00ednea de cr\u00e9ditos para que docentes de educaci\u00f3n obligatoria y superior no universitaria que perciben el FONID, puedan acceder a computadoras en planes de hasta 36 cuotas y con una tasa accesible muy inferior a la de mercado.<\/p>\n<p>Se trata de un paquete de auxilio, subsidiado con recursos de la cartera de Educaci\u00f3n nacional por $ 50 millones, que fue acordado con la C\u00e1mara de la Electr\u00f3nica que asegur\u00f3 el stock de las unidades que estar\u00e1n disponibles para docentes y profesores.<\/p>\n<p>Este plan es fruto de un trabajo conjunto con la Secretar\u00eda de Industria y con las c\u00e1maras del sector productivo. \u201cEs un elemento esencial para que los docentes puedan llevar adelante su tarea, no s\u00f3lo durante la pandemia sino en la etapa dual que viene en la post pandemia\u201d, enfatiz\u00f3 en su momento el ministro de Educaci\u00f3n, Nicol\u00e1s Trotta.<\/p>\n<p>Las medidas se enmarcan en el avance de la aprobaci\u00f3n de los protocolos que regir\u00e1n el retorno escalonado a las clases presenciales, una vez que la situaci\u00f3n epidemiol\u00f3gica lo permita.<\/p>\n<p>Adem\u00e1s del aporte a los docentes, el Gobierno trabaja de manera directa con las provincias -con foco en los distritos de mayor vulnerabilidad- en un aporte de m\u00e1s de $ 2 mil millones para apuntalar un \u201cretorno seguro\u201d a las clases presenciales.<\/p>\n<p>Ser\u00e1n recursos para infraestructura escolar y para insumos de higiene destinados a cumplir en los establecimientos educativos con el protocolo obligatorio de base -ya consensuado con todas las jurisdicciones- para prevenir potenciales contagios.<\/p>\n<p>La avanzada responde al desaf\u00edo que representa para los gobernadores y para las escuelas financiar las medidas a adoptar para minimizar los contagios, en medio de los mayores gastos que de por s\u00ed genera la acrecentada atenci\u00f3n sanitaria.<\/p>\n<p>\u201cEs una responsabilidad compartida, y nosotros vamos a acompa\u00f1ar principalmente a las escuelas y a las provincias que est\u00e1n en una situaci\u00f3n de mayor vulnerabilidad en el aprovisionamiento de ciertos materiales y en algunas cuestiones en materia de infraestructura escolar\u201d, asegur\u00f3 Trotta hace un mes en declaraciones a Radio Libertad y a Misiones Online.<\/p>\n<p>El ministro subray\u00f3 adem\u00e1s que si bien \u201ctodo lo vinculado a la cotidianidad de la escuela es una responsabilidad de cada una de las jurisdicciones educativas\u201d, la \u201cdecisi\u00f3n del Presidente y de nuestra gesti\u00f3n educativa es acompa\u00f1ar a un regreso seguro\u201d.<\/p>\n<p>El anuncio de las computadoras para los docentes se realizar\u00e1 a las 17.30 en Casa Rosada, luego de mantener una reuni\u00f3n de trabajo de la que participar\u00e1n el jefe de Gabinete de Ministros, Santiago Cafiero; el titular de la cartera educativa; el ministro de Desarrollo Productivo, Mat\u00edas Kulfas y el presidente del Banco Naci\u00f3n, Eduardo Hecker.<\/p>\n","protected":false},"excerpt":{"rendered":"<p>Se trata de un plan de hasta 36 cuotas a tasa subsidiada por el Ministerio de Educaci\u00f3n. Tambi\u00e9n se asiste a provincias con $2 mil millones para apuntalar protocolos sanitarios de regreso escalonado a clases presenciales &nbsp; &nbsp; El Ministerio de Educaci\u00f3n junto con el Banco de la Naci\u00f3n Argentina y el apoyo del Ministerio de Desarrollo Productivo lanzar\u00e1n ma\u00f1ana una nueva l\u00ednea de cr\u00e9ditos para que docentes de educaci\u00f3n obligatoria y superior no universitaria que perciben el FONID, puedan acceder a computadoras en planes de hasta 36 cuotas y&#8230;<\/p>\n","protected":false},"author":3,"featured_media":64787,"comment_status":"closed","ping_status":"closed","sticky":false,"template":"","format":"standard","meta":[],"categories":[2],"tags":[],"_links":{"self":[{"href":"https:\/\/www.actualidadadiario.com\/index.php\/wp-json\/wp\/v2\/posts\/64786"}],"collection":[{"href":"https:\/\/www.actualidadadiario.com\/index.php\/wp-json\/wp\/v2\/posts"}],"about":[{"href":"https:\/\/www.actualidadadiario.com\/index.php\/wp-json\/wp\/v2\/types\/post"}],"author":[{"embeddable":true,"href":"https:\/\/www.actualidadadiario.com\/index.php\/wp-json\/wp\/v2\/users\/3"}],"replies":[{"embeddable":true,"href":"https:\/\/www.actualidadadiario.com\/index.php\/wp-json\/wp\/v2\/comments?post=64786"}],"version-history":[{"count":1,"href":"https:\/\/www.actualidadadiario.com\/index.php\/wp-json\/wp\/v2\/posts\/64786\/revisions"}],"predecessor-version":[{"id":64788,"href":"https:\/\/www.actualidadadiario.com\/index.php\/wp-json\/wp\/v2\/posts\/64786\/revisions\/64788"}],"wp:featuredmedia":[{"embeddable":true,"href":"https:\/\/www.actualidadadiario.com\/index.php\/wp-json\/wp\/v2\/media\/64787"}],"wp:attachment":[{"href":"https:\/\/www.actualidadadiario.com\/index.php\/wp-json\/wp\/v2\/media?parent=64786"}],"wp:term":[{"taxonomy":"category","embeddable":true,"href":"https:\/\/www.actualidadadiario.com\/index.php\/wp-json\/wp\/v2\/categories?post=64786"},{"taxonomy":"post_tag","embeddable":true,"href":"https:\/\/www.actualidadadiario.com\/index.php\/wp-json\/wp\/v2\/tags?post=64786"}],"curies":[{"name":"wp","href":"https:\/\/api.w.org\/{rel}","templated":true}]}}