{"id":64784,"date":"2020-07-28T12:54:31","date_gmt":"2020-07-28T15:54:31","guid":{"rendered":"https:\/\/www.actualidadadiario.com\/?p=64784"},"modified":"2020-07-30T16:01:35","modified_gmt":"2020-07-30T19:01:35","slug":"buscan-unificar-en-105-la-alicuota-del-iva-a-la-leche","status":"publish","type":"post","link":"https:\/\/www.actualidadadiario.com\/index.php\/2020\/07\/28\/buscan-unificar-en-105-la-alicuota-del-iva-a-la-leche\/","title":{"rendered":"Buscan unificar en 10,5% la al\u00edcuota del IVA a la leche"},"content":{"rendered":"<p style=\"text-align: center;\"><em><strong>El Gobierno incluy\u00f3 en el proyecto de ampliaci\u00f3n del Presupuesto nacional que envi\u00f3 al Congreso la unificaci\u00f3n del IVA a la leche en 10,5%. &#8220;La mayor parte de la leche que se consume en la Argentina paga IVA al 21%. Hoy no existe ninguna leche con IVA cero&#8221;, aclar\u00f3 la secretaria de Comercio Interior, Paula Espa\u00f1ol. La funcionaria sali\u00f3 as\u00ed al cruce de quienes buscaron instalar que la decisi\u00f3n del Gobierno se traducir\u00eda en un incremento del precio que pagan los consumidores<\/strong><\/em><\/p>\n<p>&nbsp;<\/p>\n<p>&nbsp;<\/p>\n<p>Espa\u00f1ol explic\u00f3 que &#8220;el origen de este problema comienza en agosto del a\u00f1o pasado, luego de las PASO, cuando por decreto se modific\u00f3 la al\u00edcuota del 21% al 0% por seis meses&#8221;. &#8220;Eso no redujo los precios y, adem\u00e1s, el IVA al 21% se restituy\u00f3 a fin de a\u00f1o. Por lo cual ese es el lugar del que partimos&#8221;, a\u00f1adi\u00f3.<\/p>\n<p>El gobierno de Mauricio Macri tom\u00f3 aquella decisi\u00f3n como parte de sus intentos por revertir la derrota electoral que luego se ratific\u00f3 en las elecciones generales de octubre. La medida no se tradujo en una disminuci\u00f3n de los precios.<\/p>\n<p>Desde el Gobierno explicaron que el regreso del IVA al 10,5% para las leches m\u00e1s consumidas le permitir\u00e1 a los comercios volver a descargar cr\u00e9dito fiscal que hab\u00edan acumulado en sus balances y que eso que har\u00e1 que se mantenga el precio en las g\u00f3ndolas. Adem\u00e1s, sostienen que se busca dar un tratamiento equitativo\u200b, ya que para algunas leches que hoy no tienen la exenci\u00f3n y est\u00e1n gravadas al 21%, se pasar\u00e1 a una al\u00edcuota de 10,5%.<\/p>\n<p>\u201cEs necesario hacer esto\u200bpara ordenar la cadena de producci\u00f3n y comercializaci\u00f3n, normalizarla, generando transparencia y facilitando los controles a cargo de los organismos p\u00fablicos para que se cumplan los acuerdos de precios\u201d, aseguraron en la Casa Rosada y agregaron que \u201cla secretar\u00eda de Comercio Interior seguir\u00e1 monitoreando los precios de la leche \u200bcuidar el bolsillo de las familias\u201d.<\/p>\n","protected":false},"excerpt":{"rendered":"<p>El Gobierno incluy\u00f3 en el proyecto de ampliaci\u00f3n del Presupuesto nacional que envi\u00f3 al Congreso la unificaci\u00f3n del IVA a la leche en 10,5%. &#8220;La mayor parte de la leche que se consume en la Argentina paga IVA al 21%. Hoy no existe ninguna leche con IVA cero&#8221;, aclar\u00f3 la secretaria de Comercio Interior, Paula Espa\u00f1ol. La funcionaria sali\u00f3 as\u00ed al cruce de quienes buscaron instalar que la decisi\u00f3n del Gobierno se traducir\u00eda en un incremento del precio que pagan los consumidores &nbsp; &nbsp; Espa\u00f1ol explic\u00f3 que &#8220;el origen de&#8230;<\/p>\n","protected":false},"author":3,"featured_media":42305,"comment_status":"closed","ping_status":"closed","sticky":false,"template":"","format":"standard","meta":[],"categories":[2],"tags":[],"_links":{"self":[{"href":"https:\/\/www.actualidadadiario.com\/index.php\/wp-json\/wp\/v2\/posts\/64784"}],"collection":[{"href":"https:\/\/www.actualidadadiario.com\/index.php\/wp-json\/wp\/v2\/posts"}],"about":[{"href":"https:\/\/www.actualidadadiario.com\/index.php\/wp-json\/wp\/v2\/types\/post"}],"author":[{"embeddable":true,"href":"https:\/\/www.actualidadadiario.com\/index.php\/wp-json\/wp\/v2\/users\/3"}],"replies":[{"embeddable":true,"href":"https:\/\/www.actualidadadiario.com\/index.php\/wp-json\/wp\/v2\/comments?post=64784"}],"version-history":[{"count":1,"href":"https:\/\/www.actualidadadiario.com\/index.php\/wp-json\/wp\/v2\/posts\/64784\/revisions"}],"predecessor-version":[{"id":64785,"href":"https:\/\/www.actualidadadiario.com\/index.php\/wp-json\/wp\/v2\/posts\/64784\/revisions\/64785"}],"wp:featuredmedia":[{"embeddable":true,"href":"https:\/\/www.actualidadadiario.com\/index.php\/wp-json\/wp\/v2\/media\/42305"}],"wp:attachment":[{"href":"https:\/\/www.actualidadadiario.com\/index.php\/wp-json\/wp\/v2\/media?parent=64784"}],"wp:term":[{"taxonomy":"category","embeddable":true,"href":"https:\/\/www.actualidadadiario.com\/index.php\/wp-json\/wp\/v2\/categories?post=64784"},{"taxonomy":"post_tag","embeddable":true,"href":"https:\/\/www.actualidadadiario.com\/index.php\/wp-json\/wp\/v2\/tags?post=64784"}],"curies":[{"name":"wp","href":"https:\/\/api.w.org\/{rel}","templated":true}]}}