{"id":64782,"date":"2020-07-28T12:53:48","date_gmt":"2020-07-28T15:53:48","guid":{"rendered":"https:\/\/www.actualidadadiario.com\/?p=64782"},"modified":"2020-07-30T16:01:35","modified_gmt":"2020-07-30T19:01:35","slug":"procrear-impulsaran-fuerte-participacion-del-sector-privado","status":"publish","type":"post","link":"https:\/\/www.actualidadadiario.com\/index.php\/2020\/07\/28\/procrear-impulsaran-fuerte-participacion-del-sector-privado\/","title":{"rendered":"Procrear: impulsar\u00e1n fuerte participaci\u00f3n del sector privado"},"content":{"rendered":"<p style=\"text-align: center;\"><em><strong>Se construir\u00e1n 14.000 viviendas entre 2020 y 2021, que se sumar\u00e1n a las 11.000 del plan anterior que ser\u00e1n otorgadas en lo que resta de este a\u00f1o. Los desarrolladores jugar\u00e1n un rol clave<\/strong><\/em><\/p>\n<p>&nbsp;<\/p>\n<p>&nbsp;<\/p>\n<p>El Gobierno apostar\u00e1 fuerte a la reactivaci\u00f3n de la econom\u00eda mediante la construcci\u00f3n. Y para hacerlo, la ministra de Desarrollo Territorial y H\u00e1bitat Mar\u00eda Eugenia Bielsa est\u00e1 dispuesta a poner un plan sobre la mesa que incluye la cesi\u00f3n de terrenos por parte de municipios, la construcci\u00f3n de viviendas por parte de desarrollistas y la creaci\u00f3n de fideicomisos para entregar pr\u00e9stamos a trav\u00e9s del sistema bancario. De fondo se pone en juego la salida de la crisis que dejar\u00e1 la pandemia.<\/p>\n<p>Fuentes del ministerio recalcan que habr\u00e1 mucha iniciativa p\u00fablico-privada y que \u00e9sta se encontrar\u00e1 enmarcada dentro del relanzamiento del plan Procrear, mediante el cual se buscar\u00e1 construir unas catorce mil viviendas entre 2020 y 2021. En el Gobierno cuentan que tambi\u00e9n se sumar\u00e1n otras once mil correspondientes a la versi\u00f3n anterior del programa, ser\u00e1n entregadas en lo que resta de este a\u00f1o.<\/p>\n<p>Mientras trabajan contra reloj para aceitar el lanzamiento de las sesenta medidas que el Presidente tiene en carpeta, desde la cartera de vivienda apuntaron a \u00c1mbito que la cesi\u00f3n de terrenos ser\u00e1 determinante para impulsar la actividad privada y para que el precio de los lotes no se dispare con el anuncio de los planes. \u201cEsto ya pas\u00f3 con el Procrear anterior. Al ver que se iban a construir m\u00e1s viviendas, aumentaron el precio de la tierra\u201d, dijeron.<\/p>\n<p>La medida cuenta con el aval de la confederaci\u00f3n de pymes constructoras, que son las encargadas de llevar adelante este tipo de obras. \u201cTodos los sistemas alternativos son bienvenidos. Nosotros ya ven\u00edamos proponiendo la asociaci\u00f3n entre el sector p\u00fablico y privado. Nos parece clave para salir de la crisis\u201d, dijo a este medio Daniel Mafud, presidente de la entidad.<\/p>\n<p>Seg\u00fan los datos que arroja el INDEC, el sector cay\u00f3 m\u00e1s de un 48 por ciento interanual en mayo, pero Mafud adelant\u00f3 que \u201csi los planes que lanza el Gobierno son eficaces, la recuperaci\u00f3n y la generaci\u00f3n de empleo va a ser muy r\u00e1pida\u201d.<\/p>\n<p>Para lograr los objetivos trazados, se ampliar\u00e1 el rango de ingresos m\u00ednimos requeridos en las l\u00edneas de cr\u00e9dito, seg\u00fan detall\u00f3 a este medio el ministerio de Desarrollo Territorial y H\u00e1bitat. Esto permitir\u00e1 que participen familias monoparentales o con sueldos m\u00e1s bajos. \u201cIncluir\u00e1 a la clase media, pero tambi\u00e9n a la media baja\u201d, dijo Mar\u00eda Eugenia Bielsa.<\/p>\n<p>La oferta se dividir\u00e1 en dos grupos, de acuerdo a la informaci\u00f3n a la que accedi\u00f3 \u00c1mbito. Cr\u00e9ditos personales para la refacci\u00f3n, ampliaci\u00f3n y mejoramiento de los hogares, por un lado y por el otro cr\u00e9ditos hipotecarios orientados a la construcci\u00f3n de nuevas viviendas y el desarrollo de lotes. Entre las novedades que incluye el relanzamiento del Procrear est\u00e1 tambi\u00e9n la financiaci\u00f3n de proyectos de sustentabilidad ambiental.<\/p>\n<p>Por \u00faltimo, desde el Gobierno analizan la posibilidad de potenciar al sector mediante un incentivo para que los capitales que actualmente est\u00e1n en el exterior puedan ser invertidos en obras. Evitan llamarlo blanqueo, prefieren decirle incentivo. \u201cEl esquema es interesante siempre que podamos garantizar que ese dinero reintegrado sea efectivamente utilizado en la construcci\u00f3n\u201d, concluy\u00f3 Bielsa.<\/p>\n","protected":false},"excerpt":{"rendered":"<p>Se construir\u00e1n 14.000 viviendas entre 2020 y 2021, que se sumar\u00e1n a las 11.000 del plan anterior que ser\u00e1n otorgadas en lo que resta de este a\u00f1o. Los desarrolladores jugar\u00e1n un rol clave &nbsp; &nbsp; El Gobierno apostar\u00e1 fuerte a la reactivaci\u00f3n de la econom\u00eda mediante la construcci\u00f3n. Y para hacerlo, la ministra de Desarrollo Territorial y H\u00e1bitat Mar\u00eda Eugenia Bielsa est\u00e1 dispuesta a poner un plan sobre la mesa que incluye la cesi\u00f3n de terrenos por parte de municipios, la construcci\u00f3n de viviendas por parte de desarrollistas y la&#8230;<\/p>\n","protected":false},"author":3,"featured_media":63886,"comment_status":"closed","ping_status":"closed","sticky":false,"template":"","format":"standard","meta":[],"categories":[2],"tags":[],"_links":{"self":[{"href":"https:\/\/www.actualidadadiario.com\/index.php\/wp-json\/wp\/v2\/posts\/64782"}],"collection":[{"href":"https:\/\/www.actualidadadiario.com\/index.php\/wp-json\/wp\/v2\/posts"}],"about":[{"href":"https:\/\/www.actualidadadiario.com\/index.php\/wp-json\/wp\/v2\/types\/post"}],"author":[{"embeddable":true,"href":"https:\/\/www.actualidadadiario.com\/index.php\/wp-json\/wp\/v2\/users\/3"}],"replies":[{"embeddable":true,"href":"https:\/\/www.actualidadadiario.com\/index.php\/wp-json\/wp\/v2\/comments?post=64782"}],"version-history":[{"count":1,"href":"https:\/\/www.actualidadadiario.com\/index.php\/wp-json\/wp\/v2\/posts\/64782\/revisions"}],"predecessor-version":[{"id":64783,"href":"https:\/\/www.actualidadadiario.com\/index.php\/wp-json\/wp\/v2\/posts\/64782\/revisions\/64783"}],"wp:featuredmedia":[{"embeddable":true,"href":"https:\/\/www.actualidadadiario.com\/index.php\/wp-json\/wp\/v2\/media\/63886"}],"wp:attachment":[{"href":"https:\/\/www.actualidadadiario.com\/index.php\/wp-json\/wp\/v2\/media?parent=64782"}],"wp:term":[{"taxonomy":"category","embeddable":true,"href":"https:\/\/www.actualidadadiario.com\/index.php\/wp-json\/wp\/v2\/categories?post=64782"},{"taxonomy":"post_tag","embeddable":true,"href":"https:\/\/www.actualidadadiario.com\/index.php\/wp-json\/wp\/v2\/tags?post=64782"}],"curies":[{"name":"wp","href":"https:\/\/api.w.org\/{rel}","templated":true}]}}