{"id":64778,"date":"2020-07-28T12:52:11","date_gmt":"2020-07-28T15:52:11","guid":{"rendered":"https:\/\/www.actualidadadiario.com\/?p=64778"},"modified":"2020-07-30T16:01:35","modified_gmt":"2020-07-30T19:01:35","slug":"se-registraron-siete-nuevos-casos-de-coronavirus","status":"publish","type":"post","link":"https:\/\/www.actualidadadiario.com\/index.php\/2020\/07\/28\/se-registraron-siete-nuevos-casos-de-coronavirus\/","title":{"rendered":"Se registraron siete nuevos casos de coronavirus"},"content":{"rendered":"<p style=\"text-align: center;\"><em><strong>El \u00e1rea de Vigilancia Epidemiol\u00f3gica del Ministerio de Salud, confirm\u00f3 que este martes en Entre R\u00edos se registraron siete nuevos casos de coronavirus<\/strong><\/em><\/p>\n<p>&nbsp;<\/p>\n<p>&nbsp;<\/p>\n<p>Los seis primeros corresponden a la ciudad de Paran\u00e1, tres son contactos estrechos de pacientes con Covid-19 y los tres restantes sus nexos epidemiol\u00f3gicos se encuentran en investigaci\u00f3n.<\/p>\n<p>Finalmente el \u00faltimo corresponde a la localidad de General Ram\u00edrez, Departamento Diamante, y es contacto estrecho de un caso confirmado con coronavirus.<\/p>\n<p>Cabe destacar que dos casos notificados previamente a la ciudad de Gualeguaych\u00fa, fueron reclasificados por tener domicilio en la provincia de Buenos Aires, por lo tanto se restan dos casos a dicho Departamento.<\/p>\n<p>De ese modo, en la provincia son 760 los casos confirmados.<\/p>\n<p>En tanto, el Ministerio de Salud de Entre R\u00edos confirm\u00f3 este martes la muerte de un hombre de 60 a\u00f1os, oriundo de Cerrito, que estaba internado en el hospital De La Baxada de Paran\u00e1 por patolog\u00edas preexistentes y diagn\u00f3stico positivo de Coronavirus. Falleci\u00f3 este lunes y se trata del s\u00e9ptimo deceso de un paciente con Covid-19 en Entre R\u00edos en lo que va de la Pandemia.<\/p>\n","protected":false},"excerpt":{"rendered":"<p>El \u00e1rea de Vigilancia Epidemiol\u00f3gica del Ministerio de Salud, confirm\u00f3 que este martes en Entre R\u00edos se registraron siete nuevos casos de coronavirus &nbsp; &nbsp; Los seis primeros corresponden a la ciudad de Paran\u00e1, tres son contactos estrechos de pacientes con Covid-19 y los tres restantes sus nexos epidemiol\u00f3gicos se encuentran en investigaci\u00f3n. Finalmente el \u00faltimo corresponde a la localidad de General Ram\u00edrez, Departamento Diamante, y es contacto estrecho de un caso confirmado con coronavirus. Cabe destacar que dos casos notificados previamente a la ciudad de Gualeguaych\u00fa, fueron reclasificados por&#8230;<\/p>\n","protected":false},"author":3,"featured_media":60994,"comment_status":"closed","ping_status":"closed","sticky":false,"template":"","format":"standard","meta":[],"categories":[9,15],"tags":[],"_links":{"self":[{"href":"https:\/\/www.actualidadadiario.com\/index.php\/wp-json\/wp\/v2\/posts\/64778"}],"collection":[{"href":"https:\/\/www.actualidadadiario.com\/index.php\/wp-json\/wp\/v2\/posts"}],"about":[{"href":"https:\/\/www.actualidadadiario.com\/index.php\/wp-json\/wp\/v2\/types\/post"}],"author":[{"embeddable":true,"href":"https:\/\/www.actualidadadiario.com\/index.php\/wp-json\/wp\/v2\/users\/3"}],"replies":[{"embeddable":true,"href":"https:\/\/www.actualidadadiario.com\/index.php\/wp-json\/wp\/v2\/comments?post=64778"}],"version-history":[{"count":1,"href":"https:\/\/www.actualidadadiario.com\/index.php\/wp-json\/wp\/v2\/posts\/64778\/revisions"}],"predecessor-version":[{"id":64779,"href":"https:\/\/www.actualidadadiario.com\/index.php\/wp-json\/wp\/v2\/posts\/64778\/revisions\/64779"}],"wp:featuredmedia":[{"embeddable":true,"href":"https:\/\/www.actualidadadiario.com\/index.php\/wp-json\/wp\/v2\/media\/60994"}],"wp:attachment":[{"href":"https:\/\/www.actualidadadiario.com\/index.php\/wp-json\/wp\/v2\/media?parent=64778"}],"wp:term":[{"taxonomy":"category","embeddable":true,"href":"https:\/\/www.actualidadadiario.com\/index.php\/wp-json\/wp\/v2\/categories?post=64778"},{"taxonomy":"post_tag","embeddable":true,"href":"https:\/\/www.actualidadadiario.com\/index.php\/wp-json\/wp\/v2\/tags?post=64778"}],"curies":[{"name":"wp","href":"https:\/\/api.w.org\/{rel}","templated":true}]}}