{"id":64776,"date":"2020-07-28T12:51:24","date_gmt":"2020-07-28T15:51:24","guid":{"rendered":"https:\/\/www.actualidadadiario.com\/?p=64776"},"modified":"2020-07-30T16:01:35","modified_gmt":"2020-07-30T19:01:35","slug":"vuelta-del-transporte-interprovincial-la-fecha-seria-el-15-de-septiembre","status":"publish","type":"post","link":"https:\/\/www.actualidadadiario.com\/index.php\/2020\/07\/28\/vuelta-del-transporte-interprovincial-la-fecha-seria-el-15-de-septiembre\/","title":{"rendered":"Vuelta del transporte interprovincial: la fecha ser\u00eda el 15 de septiembre"},"content":{"rendered":"<p style=\"text-align: center;\"><em><strong>&#8220;La fecha posible y potencial para el regreso del transporte interprovincial ser\u00eda el 15 de septiembre, pero no con todos los servicios&#8221;, se indic\u00f3. Se trabaja en los protocolos de bioseguridad<\/strong><\/em><\/p>\n<p>&nbsp;<\/p>\n<p>&nbsp;<\/p>\n<p>&#8220;La fecha posible y potencial para el regreso del transporte interprovincial ser\u00eda el 15 de septiembre, pero no con todos los servicios&#8221;, comunic\u00f3 el gerente de Zenit y Flechabus, Enrique Susevich.<\/p>\n<p>&#8220;La fecha es potencial para tener una meta para empezar a movernos, pero todo depender\u00e1 de la evoluci\u00f3n del virus. Hay que evaluar c\u00f3mo comenzamos a mover la rueda, sin que eso implique un posible foco de contagio&#8221;, indic\u00f3 el responsable de las firmas de transporte de larga distancia.<\/p>\n<p>Y continu\u00f3: &#8220;Las C\u00e1maras y los Ministerio de Salud y Transporte trabajan para ver si esa fecha de regreso es posible, y se diagraman los protocolos para comenzar a prestar servicio nuevamente&#8221;.<\/p>\n<p>Al remarcar que &#8220;son muchos los puntos a tener en cuenta&#8221;, Susevich coment\u00f3 que &#8220;en nuestra empresa trabajamos en el concepto de bioseguridad, en los protocolos sobre cu\u00e1nta cantidad de pasajeros podr\u00e1n viajar, c\u00f3mo se tratar\u00e1n sus equipajes, c\u00f3mo se har\u00e1 con la comida y la bebida, el uso del ba\u00f1o del colectivo&#8221;.<\/p>\n<p>&#8220;No tenemos fecha de apertura de boleter\u00edas porque tambi\u00e9n hay que diagramar el esquema de trabajo y de cuidado sobre c\u00f3mo vamos a atender al p\u00fablico en la Terminal y c\u00f3mo se manejar\u00e1 a los pasajeros que llegan y los que abordan el colectivo, porque seguramente tendremos que dividir a los que vienen a esperar al pasajero, de los que suben y los que bajan de las unidades&#8221;, detall\u00f3 el gerente.<\/p>\n<p>Y agreg\u00f3: &#8220;El protocolo que acuerden las empresas y los ministerios despu\u00e9s tiene que ser aprobado por cada una de las provincias, porque eso implica que un colectivo pasar\u00e1 de una provincia a otra solo si la provincia acepta ese protocolo&#8221;.<\/p>\n<p>Consultado sobre la situaci\u00f3n econ\u00f3mica de las empresas de transporte de larga distancia, indic\u00f3 a Elonce que &#8220;Zenit y Flechabus, boleter\u00edas y dep\u00f3sitos est\u00e1n recibiendo el ATP, lo que implica el pago de una parte del sueldo a los empleados, y al resto hay que arreglarlo con ellos, en cuotas o como se pueda&#8221;.<\/p>\n<p>&#8220;Las empresas tambi\u00e9n arreglaron con el gremio un determinado monto, y adem\u00e1s hubo un acuerdo entre las firmas de larga distancia y el gobierno para un cr\u00e9dito por mil millones de pesos a tasa cero que las ayudar\u00eda, y que reintegrar\u00edan con servicio a partir del a\u00f1o pr\u00f3ximo&#8221;, coment\u00f3.<\/p>\n","protected":false},"excerpt":{"rendered":"<p>&#8220;La fecha posible y potencial para el regreso del transporte interprovincial ser\u00eda el 15 de septiembre, pero no con todos los servicios&#8221;, se indic\u00f3. Se trabaja en los protocolos de bioseguridad &nbsp; &nbsp; &#8220;La fecha posible y potencial para el regreso del transporte interprovincial ser\u00eda el 15 de septiembre, pero no con todos los servicios&#8221;, comunic\u00f3 el gerente de Zenit y Flechabus, Enrique Susevich. &#8220;La fecha es potencial para tener una meta para empezar a movernos, pero todo depender\u00e1 de la evoluci\u00f3n del virus. Hay que evaluar c\u00f3mo comenzamos a&#8230;<\/p>\n","protected":false},"author":3,"featured_media":64720,"comment_status":"closed","ping_status":"closed","sticky":false,"template":"","format":"standard","meta":[],"categories":[15],"tags":[],"_links":{"self":[{"href":"https:\/\/www.actualidadadiario.com\/index.php\/wp-json\/wp\/v2\/posts\/64776"}],"collection":[{"href":"https:\/\/www.actualidadadiario.com\/index.php\/wp-json\/wp\/v2\/posts"}],"about":[{"href":"https:\/\/www.actualidadadiario.com\/index.php\/wp-json\/wp\/v2\/types\/post"}],"author":[{"embeddable":true,"href":"https:\/\/www.actualidadadiario.com\/index.php\/wp-json\/wp\/v2\/users\/3"}],"replies":[{"embeddable":true,"href":"https:\/\/www.actualidadadiario.com\/index.php\/wp-json\/wp\/v2\/comments?post=64776"}],"version-history":[{"count":1,"href":"https:\/\/www.actualidadadiario.com\/index.php\/wp-json\/wp\/v2\/posts\/64776\/revisions"}],"predecessor-version":[{"id":64777,"href":"https:\/\/www.actualidadadiario.com\/index.php\/wp-json\/wp\/v2\/posts\/64776\/revisions\/64777"}],"wp:featuredmedia":[{"embeddable":true,"href":"https:\/\/www.actualidadadiario.com\/index.php\/wp-json\/wp\/v2\/media\/64720"}],"wp:attachment":[{"href":"https:\/\/www.actualidadadiario.com\/index.php\/wp-json\/wp\/v2\/media?parent=64776"}],"wp:term":[{"taxonomy":"category","embeddable":true,"href":"https:\/\/www.actualidadadiario.com\/index.php\/wp-json\/wp\/v2\/categories?post=64776"},{"taxonomy":"post_tag","embeddable":true,"href":"https:\/\/www.actualidadadiario.com\/index.php\/wp-json\/wp\/v2\/tags?post=64776"}],"curies":[{"name":"wp","href":"https:\/\/api.w.org\/{rel}","templated":true}]}}