{"id":64771,"date":"2020-07-28T12:49:50","date_gmt":"2020-07-28T15:49:50","guid":{"rendered":"https:\/\/www.actualidadadiario.com\/?p=64771"},"modified":"2020-07-30T16:01:36","modified_gmt":"2020-07-30T19:01:36","slug":"abrio-una-nueva-inscripcion-para-el-registro-provincial-de-adoptantes","status":"publish","type":"post","link":"https:\/\/www.actualidadadiario.com\/index.php\/2020\/07\/28\/abrio-una-nueva-inscripcion-para-el-registro-provincial-de-adoptantes\/","title":{"rendered":"Abri\u00f3 una nueva inscripci\u00f3n para el Registro provincial de Adoptantes"},"content":{"rendered":"<p style=\"text-align: center;\"><em><strong>Desde el pr\u00f3ximo lunes 3 de agosto y durante 10 d\u00edas h\u00e1biles estar\u00e1 abierta la convocatoria para recibir solicitudes de inscripci\u00f3n al Registro \u00danico de Aspirantes a Guarda con Fines Adoptivos<\/strong><\/em><\/p>\n<p>&nbsp;<\/p>\n<p>&nbsp;<\/p>\n<p>Desde el pr\u00f3ximo lunes 3 de agosto y durante 10 d\u00edas h\u00e1biles estar\u00e1 abierta la convocatoria para recibir solicitudes de inscripci\u00f3n al Registro \u00danico de Aspirantes a Guarda con Fines Adoptivos de la Provincia de Entre R\u00edos (RUAER). Ser\u00e1 solo para personas domiciliadas en la provincia y mediante una nueva modalidad virtual, a fin de iniciar el tr\u00e1mite respetando las medidas sanitarias dispuestas como consecuencia de la pandemia de COVID 19.<\/p>\n<p>Quienes tengan inter\u00e9s deber\u00e1n completar y enviar el formulario en l\u00ednea que estar\u00e1 disponible desde el inicio de la semana venidera en la p\u00e1gina web del Ministerio P\u00fablico de la Defensa (http:\/\/mpd.jusentrerios.gov.ar). Cumplido ese requisito podr\u00e1n participar de un encuentro informativo obligatorio, tambi\u00e9n de manera remota, con el objeto de brindar datos referentes al tr\u00e1mite que involucra la inscripci\u00f3n, como as\u00ed tambi\u00e9n la realidad provincial en materia de adopci\u00f3n.<\/p>\n<p>Las personas que participen del encuentro quedar\u00e1n habilitadas para remitir v\u00eda correo electr\u00f3nico el formulario de declaraci\u00f3n jurada de solicitud de inscripci\u00f3n, junto con los dem\u00e1s requisitos previstos por la ley. Todo eso puede consultarse en la p\u00e1gina web del RUAER (http:\/\/mpd.jusentrerios.gov.ar\/registro-unico-aspirantes-a-adoptacion\/<\/p>\n<p>Una vez cumplida esta etapa intervendr\u00e1 el equipo t\u00e9cnico interdisciplinario, que realizar\u00e1 el proceso de evaluaci\u00f3n.<\/p>\n<p>Adem\u00e1s pueden efectuarse consultas de lunes a viernes, de 7 a 13, llamando a los tel\u00e9fonos: (0343) 4209575\/576, por correo electr\u00f3nico (ruaer@jusentrerios.gov.ar) o a trav\u00e9s de mensajes por Whatsapp al 549 343 5329475. Tambi\u00e9n est\u00e1n disponibles otras redes sociales; en Instagram @ruaer_mpd o Facebook: Registro de Adoptantes de Entre R\u00edos- RUAER.<\/p>\n","protected":false},"excerpt":{"rendered":"<p>Desde el pr\u00f3ximo lunes 3 de agosto y durante 10 d\u00edas h\u00e1biles estar\u00e1 abierta la convocatoria para recibir solicitudes de inscripci\u00f3n al Registro \u00danico de Aspirantes a Guarda con Fines Adoptivos &nbsp; &nbsp; Desde el pr\u00f3ximo lunes 3 de agosto y durante 10 d\u00edas h\u00e1biles estar\u00e1 abierta la convocatoria para recibir solicitudes de inscripci\u00f3n al Registro \u00danico de Aspirantes a Guarda con Fines Adoptivos de la Provincia de Entre R\u00edos (RUAER). Ser\u00e1 solo para personas domiciliadas en la provincia y mediante una nueva modalidad virtual, a fin de iniciar el&#8230;<\/p>\n","protected":false},"author":3,"featured_media":57052,"comment_status":"closed","ping_status":"closed","sticky":false,"template":"","format":"standard","meta":[],"categories":[15],"tags":[],"_links":{"self":[{"href":"https:\/\/www.actualidadadiario.com\/index.php\/wp-json\/wp\/v2\/posts\/64771"}],"collection":[{"href":"https:\/\/www.actualidadadiario.com\/index.php\/wp-json\/wp\/v2\/posts"}],"about":[{"href":"https:\/\/www.actualidadadiario.com\/index.php\/wp-json\/wp\/v2\/types\/post"}],"author":[{"embeddable":true,"href":"https:\/\/www.actualidadadiario.com\/index.php\/wp-json\/wp\/v2\/users\/3"}],"replies":[{"embeddable":true,"href":"https:\/\/www.actualidadadiario.com\/index.php\/wp-json\/wp\/v2\/comments?post=64771"}],"version-history":[{"count":1,"href":"https:\/\/www.actualidadadiario.com\/index.php\/wp-json\/wp\/v2\/posts\/64771\/revisions"}],"predecessor-version":[{"id":64772,"href":"https:\/\/www.actualidadadiario.com\/index.php\/wp-json\/wp\/v2\/posts\/64771\/revisions\/64772"}],"wp:featuredmedia":[{"embeddable":true,"href":"https:\/\/www.actualidadadiario.com\/index.php\/wp-json\/wp\/v2\/media\/57052"}],"wp:attachment":[{"href":"https:\/\/www.actualidadadiario.com\/index.php\/wp-json\/wp\/v2\/media?parent=64771"}],"wp:term":[{"taxonomy":"category","embeddable":true,"href":"https:\/\/www.actualidadadiario.com\/index.php\/wp-json\/wp\/v2\/categories?post=64771"},{"taxonomy":"post_tag","embeddable":true,"href":"https:\/\/www.actualidadadiario.com\/index.php\/wp-json\/wp\/v2\/tags?post=64771"}],"curies":[{"name":"wp","href":"https:\/\/api.w.org\/{rel}","templated":true}]}}