{"id":64768,"date":"2020-07-28T12:49:07","date_gmt":"2020-07-28T15:49:07","guid":{"rendered":"https:\/\/www.actualidadadiario.com\/?p=64768"},"modified":"2020-07-30T16:01:36","modified_gmt":"2020-07-30T19:01:36","slug":"salud-desarrollo-un-sistema-informatico-para-la-carga-de-las-guardias","status":"publish","type":"post","link":"https:\/\/www.actualidadadiario.com\/index.php\/2020\/07\/28\/salud-desarrollo-un-sistema-informatico-para-la-carga-de-las-guardias\/","title":{"rendered":"Salud desarroll\u00f3 un sistema inform\u00e1tico para la carga de las Guardias"},"content":{"rendered":"<p style=\"text-align: center;\"><em><strong>La implementaci\u00f3n de un sistema inform\u00e1tico para la carga y el monitoreo de las Guardias Activas y Pasivas, fue el eje de la reuni\u00f3n de trabajo entre autoridades de Salud y del Tribunal de Cuentas de la provincia<\/strong><\/em><\/p>\n<p>&nbsp;<\/p>\n<p>&nbsp;<\/p>\n<p>Durante una instancia de intercambio, desarrollada en las oficinas centrales del Ministerio de Salud, se present\u00f3 ante referentes del Tribunal de Cuentas de Entre R\u00edos la herramienta inform\u00e1tica que permite agilizar las gestiones de las Guardias, su monitoreo y auditor\u00eda.<\/p>\n<p>Cabe se\u00f1alar que el sistema inform\u00e1tico de Guardias Activas y Pasivas fue aprobado por la Resoluci\u00f3n Ministerial N\u00ba 2.528, y ya se encuentra funcionamiento a partir de la carga de las guardias en el mes de julio. Adem\u00e1s fue informado a los Contadores Auditores de la Contadur\u00eda General de la Provincia.<\/p>\n<p>El encuentro estuvo presidido por la Secretaria de Salud, Carina Reh, quien estuvo acompa\u00f1ada por la subsecretaria de Administraci\u00f3n, Gabriela Diez, y los integrantes del equipo t\u00e9cnico de la cartera Emilia Urribarri y Emilio Arengo (quien desarroll\u00f3 la plataforma); en tanto que por el \u00f3rgano de control asistieron las contadoras Marta Villarroel y Valeria Sendra.<\/p>\n<p>La secretaria de Salud, Carina Reh, manifest\u00f3: \u201cEn la oportunidad informamos al Tribunal de Cuentas sobre c\u00f3mo se comenz\u00f3 a proceder, a partir de julio, respecto de la carga inform\u00e1tica de las guardias activas y pasivas que se realizan en los diferentes efectores para fines liquidatorios\u201d.<\/p>\n<p>La herramienta presentada permitir\u00e1 evitar duplicar la informaci\u00f3n, al tiempo que brinda un dispositivo a los directores de los establecimientos sanitarios para que puedan presentar sus rendiciones al Ministerio de Salud y al Tribunal de Cuentas (una vez que son auditados) mediante una \u00fanica planilla de Guardia. \u201cDe esta manera se aliviar\u00e1 el trabajo de los administradores en nuestros efectores, y permitir\u00e1 adem\u00e1s el ahorro de papel al momento de hacer la rendici\u00f3n al Tribunal de Cuentas\u201d, explic\u00f3 Reh.<\/p>\n<p>Asimismo, la secretaria de Salud destac\u00f3 que desde el \u00f3rgano de control expresaron su satisfacci\u00f3n con el ordenamiento que ha generado la recategorizaci\u00f3n de hospitales y centros de salud y la regularizaci\u00f3n de guardias por planilla nominalizada, ya que les resulta bastante complejo el entrecruzamiento de datos; \u201cy este sistema va permitir brindarle m\u00e1s agilidad a las auditor\u00edas\u201d. De este modo, a partir del ida y vuelta fluido propiciado por el encuentro, las contadoras plantearon las cuestiones que necesitan para monitorear el trabajo en los distintos efectores.<\/p>\n<p>&nbsp;<\/p>\n<p><strong>Continuidad<\/strong><\/p>\n<p>Respecto de los pr\u00f3ximos pasos a seguir, la funcionaria detall\u00f3: \u201cTodav\u00eda queda trabajar una segunda instancia ligada a la incorporaci\u00f3n de los importes para que luego, en el consolidado, el total liquidado coincida con la partida que se env\u00eda mensualmente a los efectores en concepto de guardias\u201d. De esta manera quedar\u00e1 visibilizado no s\u00f3lo el nombre de la persona que hace la Guardia sino tambi\u00e9n cu\u00e1nto se le abona por este concepto.<\/p>\n<p>Asimismo, se prev\u00e9 agregar otra herramienta a la plataforma para que el \u00f3rgano de control pueda visibilizar las guardias que realiza cada profesional en diferentes establecimientos. Finalmente, tambi\u00e9n se acord\u00f3 remitir por el mismo medio las actas acuerdos con los diferentes servicios en los hospitales de la provincia, evitando as\u00ed el soporte en papel, con el cual el equipo del Tribunal podr\u00e1 tener una lectura de estas actas al momento de evaluar las guardias.<\/p>\n","protected":false},"excerpt":{"rendered":"<p>La implementaci\u00f3n de un sistema inform\u00e1tico para la carga y el monitoreo de las Guardias Activas y Pasivas, fue el eje de la reuni\u00f3n de trabajo entre autoridades de Salud y del Tribunal de Cuentas de la provincia &nbsp; &nbsp; Durante una instancia de intercambio, desarrollada en las oficinas centrales del Ministerio de Salud, se present\u00f3 ante referentes del Tribunal de Cuentas de Entre R\u00edos la herramienta inform\u00e1tica que permite agilizar las gestiones de las Guardias, su monitoreo y auditor\u00eda. Cabe se\u00f1alar que el sistema inform\u00e1tico de Guardias Activas y&#8230;<\/p>\n","protected":false},"author":3,"featured_media":64769,"comment_status":"closed","ping_status":"closed","sticky":false,"template":"","format":"standard","meta":[],"categories":[15],"tags":[],"_links":{"self":[{"href":"https:\/\/www.actualidadadiario.com\/index.php\/wp-json\/wp\/v2\/posts\/64768"}],"collection":[{"href":"https:\/\/www.actualidadadiario.com\/index.php\/wp-json\/wp\/v2\/posts"}],"about":[{"href":"https:\/\/www.actualidadadiario.com\/index.php\/wp-json\/wp\/v2\/types\/post"}],"author":[{"embeddable":true,"href":"https:\/\/www.actualidadadiario.com\/index.php\/wp-json\/wp\/v2\/users\/3"}],"replies":[{"embeddable":true,"href":"https:\/\/www.actualidadadiario.com\/index.php\/wp-json\/wp\/v2\/comments?post=64768"}],"version-history":[{"count":1,"href":"https:\/\/www.actualidadadiario.com\/index.php\/wp-json\/wp\/v2\/posts\/64768\/revisions"}],"predecessor-version":[{"id":64770,"href":"https:\/\/www.actualidadadiario.com\/index.php\/wp-json\/wp\/v2\/posts\/64768\/revisions\/64770"}],"wp:featuredmedia":[{"embeddable":true,"href":"https:\/\/www.actualidadadiario.com\/index.php\/wp-json\/wp\/v2\/media\/64769"}],"wp:attachment":[{"href":"https:\/\/www.actualidadadiario.com\/index.php\/wp-json\/wp\/v2\/media?parent=64768"}],"wp:term":[{"taxonomy":"category","embeddable":true,"href":"https:\/\/www.actualidadadiario.com\/index.php\/wp-json\/wp\/v2\/categories?post=64768"},{"taxonomy":"post_tag","embeddable":true,"href":"https:\/\/www.actualidadadiario.com\/index.php\/wp-json\/wp\/v2\/tags?post=64768"}],"curies":[{"name":"wp","href":"https:\/\/api.w.org\/{rel}","templated":true}]}}