{"id":64749,"date":"2020-07-27T13:14:10","date_gmt":"2020-07-27T16:14:10","guid":{"rendered":"https:\/\/www.actualidadadiario.com\/?p=64749"},"modified":"2020-07-30T16:01:42","modified_gmt":"2020-07-30T19:01:42","slug":"la-casa-blanca-promete-endurecer-la-represion-en-portland","status":"publish","type":"post","link":"https:\/\/www.actualidadadiario.com\/index.php\/2020\/07\/27\/la-casa-blanca-promete-endurecer-la-represion-en-portland\/","title":{"rendered":"La Casa Blanca promete endurecer la represi\u00f3n en Portland"},"content":{"rendered":"<p style=\"text-align: center;\"><em><strong>El gobierno de Trump anunciar\u00e1 medidas adicionales a las ya tomadas por las fuerzas federales que intervinieron la ciudad por las protestas contra el racismo<\/strong><\/em><\/p>\n<p>&nbsp;<\/p>\n<p>&nbsp;<\/p>\n<p>El gobierno de Donald Trump en Estados Unidos avis\u00f3 este domingo que tiene previsto endurecer la respuesta de las fuerzas federales ante las protestas contra el racismo en la ciudad de Portland, Oregon, dado que amenazan con extenderse a otras ciudades del pa\u00eds.<\/p>\n<p>&#8220;Vamos a tomar medidas adicionales a principios de la semana que viene como muy pronto&#8221;, dijo Chad Wolf, responsable en funciones del Departamento de Seguridad Interior, cuyo dispositivo fue acusado de realizar detenciones arbitrarias y de actuar sin identificaci\u00f3n a la hora de contener las manifestaciones en Portland.<\/p>\n<p>El gobierno de Trump defendi\u00f3 esta respuesta, tachada de ilegal por la oposici\u00f3n dem\u00f3crata y por organizaciones por los derechos civiles, dada la virulencia de las manifestaciones.<\/p>\n<p>&#8220;Vienen armados con piedras, botellas, bates de b\u00e9isbol, herramientas el\u00e9ctricas, fuegos artificiales, y centran su violencia en las instituciones y en los agentes federales&#8221;, declar\u00f3 Wolf, cuyo vivienda fue rodeada este domingo por grupos de manifestantes que exig\u00edan la dimisi\u00f3n de este antiguo lobbyista.<\/p>\n<p>Portland se convirti\u00f3 en uno de los \u00faltimos grandes focos de las manifestaciones de estas semanas contra la brutalidad policial en Estados Unidos. El s\u00e1bado, protestas pac\u00edficas terminaron en enfrentamientos con las fuerzas federales que reprimieron usando gas pimienta y gases lacrim\u00f3genos.<\/p>\n<p>Luego, varias ciudades de Estados Unidos se manifestaron y hubo incidentes en la mayor\u00eda de ellas.<\/p>\n<p>En este sentido, las protestas en la ciudad de Seattle durante la noche del s\u00e1bado se han saldado con 45 detenciones y 21 polic\u00edas heridos.<\/p>\n<p>&#8220;La Polic\u00eda ha realizado 45 detenciones en relaci\u00f3n con los disturbios de hoy en el distrito este. 21 polic\u00edas sufrieron heridas despu\u00e9s de ser golpeados con ladrillos, piedras y otros explosivos&#8221;, ha explicado la Polic\u00eda de Seattle a trav\u00e9s de su cuenta de Twitter.<\/p>\n<p>El asesinato de George Floyd, un negro desarmado quien estuvo casi nueve minutos con su cuello aprisionado por la rodilla de un agente blanco de Polic\u00eda, desat\u00f3 protestas y disturbios en las principales ciudades de Estados Unidos, en un movimiento que ha ido creciendo y se ha expandido en todo el mundo en contra del racismo.<\/p>\n","protected":false},"excerpt":{"rendered":"<p>El gobierno de Trump anunciar\u00e1 medidas adicionales a las ya tomadas por las fuerzas federales que intervinieron la ciudad por las protestas contra el racismo &nbsp; &nbsp; El gobierno de Donald Trump en Estados Unidos avis\u00f3 este domingo que tiene previsto endurecer la respuesta de las fuerzas federales ante las protestas contra el racismo en la ciudad de Portland, Oregon, dado que amenazan con extenderse a otras ciudades del pa\u00eds. &#8220;Vamos a tomar medidas adicionales a principios de la semana que viene como muy pronto&#8221;, dijo Chad Wolf, responsable en&#8230;<\/p>\n","protected":false},"author":3,"featured_media":64750,"comment_status":"closed","ping_status":"closed","sticky":false,"template":"","format":"standard","meta":[],"categories":[4],"tags":[],"_links":{"self":[{"href":"https:\/\/www.actualidadadiario.com\/index.php\/wp-json\/wp\/v2\/posts\/64749"}],"collection":[{"href":"https:\/\/www.actualidadadiario.com\/index.php\/wp-json\/wp\/v2\/posts"}],"about":[{"href":"https:\/\/www.actualidadadiario.com\/index.php\/wp-json\/wp\/v2\/types\/post"}],"author":[{"embeddable":true,"href":"https:\/\/www.actualidadadiario.com\/index.php\/wp-json\/wp\/v2\/users\/3"}],"replies":[{"embeddable":true,"href":"https:\/\/www.actualidadadiario.com\/index.php\/wp-json\/wp\/v2\/comments?post=64749"}],"version-history":[{"count":1,"href":"https:\/\/www.actualidadadiario.com\/index.php\/wp-json\/wp\/v2\/posts\/64749\/revisions"}],"predecessor-version":[{"id":64751,"href":"https:\/\/www.actualidadadiario.com\/index.php\/wp-json\/wp\/v2\/posts\/64749\/revisions\/64751"}],"wp:featuredmedia":[{"embeddable":true,"href":"https:\/\/www.actualidadadiario.com\/index.php\/wp-json\/wp\/v2\/media\/64750"}],"wp:attachment":[{"href":"https:\/\/www.actualidadadiario.com\/index.php\/wp-json\/wp\/v2\/media?parent=64749"}],"wp:term":[{"taxonomy":"category","embeddable":true,"href":"https:\/\/www.actualidadadiario.com\/index.php\/wp-json\/wp\/v2\/categories?post=64749"},{"taxonomy":"post_tag","embeddable":true,"href":"https:\/\/www.actualidadadiario.com\/index.php\/wp-json\/wp\/v2\/tags?post=64749"}],"curies":[{"name":"wp","href":"https:\/\/api.w.org\/{rel}","templated":true}]}}