{"id":64746,"date":"2020-07-27T13:13:26","date_gmt":"2020-07-27T16:13:26","guid":{"rendered":"https:\/\/www.actualidadadiario.com\/?p=64746"},"modified":"2020-07-30T16:01:43","modified_gmt":"2020-07-30T19:01:43","slug":"cataluna-al-borde-de-un-confinamiento-obligatorio-por-la-evolucion-del-coronavirus","status":"publish","type":"post","link":"https:\/\/www.actualidadadiario.com\/index.php\/2020\/07\/27\/cataluna-al-borde-de-un-confinamiento-obligatorio-por-la-evolucion-del-coronavirus\/","title":{"rendered":"Catalu\u00f1a, al borde de un confinamiento obligatorio por la evoluci\u00f3n del coronavirus"},"content":{"rendered":"<p style=\"text-align: center;\"><em><strong>Diez d\u00edas atr\u00e1s, el gobierno catal\u00e1n pidi\u00f3 a m\u00e1s de tres millones de personas que residen en Barcelona y su \u00e1rea metropolitana que &#8220;no salieran de sus casas&#8221; m\u00e1s que para lo imprescindible, y prohibi\u00f3 las reuniones de m\u00e1s de 10 personas<\/strong><\/em><\/p>\n<p>&nbsp;<\/p>\n<p>El presidente catal\u00e1n, Quim Torra, advirti\u00f3 hoy que la norte\u00f1a regi\u00f3n atraviesa un momento &#8220;cr\u00edtico&#8221; por el repunte de casos de coronavirus en la \u00faltima semana, que podr\u00eda llevar a tomar medidas m\u00e1s restrictivas para la poblaci\u00f3n como un nuevo confinamiento obligatorio si la situaci\u00f3n no mejora en los pr\u00f3ximos 10 d\u00edas.<\/p>\n<p>&#8220;No me temblar\u00e1 el pulso a la hora de tomar decisiones m\u00e1s dr\u00e1sticas&#8221;, dijo Torra en conferencia de prensa, despu\u00e9s de un fin de semana marcado por las restricciones impuestas a la vida nocturna, uno de los principales focos de preocupaci\u00f3n de las autoridades.<\/p>\n<p>Diez d\u00edas atr\u00e1s, el gobierno catal\u00e1n pidi\u00f3 a m\u00e1s de tres millones de personas que residen en Barcelona y su \u00e1rea metropolitana que &#8220;no salieran de sus casas&#8221; m\u00e1s que para lo imprescindible, y prohibi\u00f3 las reuniones de m\u00e1s de 10 personas, adem\u00e1s de reducir la ocupaci\u00f3n de bares y restaurantes, debido a que los contagios en estas zonas mostraban un aumento mayor que en el resto del pa\u00eds.<\/p>\n<p>A pesar de ello, Torra explic\u00f3 hoy que la regi\u00f3n del norte del Estado Espa\u00f1ol sum\u00f3 m\u00e1s de 5.400 positivos en la \u00faltima semana, una &#8220;situaci\u00f3n demasiado cr\u00edtica&#8221; ante la que pide un &#8220;gran esfuerzo colectivo&#8221; para evitar &#8220;nuevas y restrictivas medidas&#8221;.<\/p>\n<p>&#8220;Nos encontramos delante de los diez d\u00edas m\u00e1s importantes de este verano&#8221;, avis\u00f3 el dirigente independentista, refiri\u00e9ndose al tiempo que har\u00e1 falta para saber si se puede enderezar la situaci\u00f3n y evitar un nuevo confinamiento obligatorio.<\/p>\n<p>Seg\u00fan Torra, durante ese plazo se puede &#8220;evitar que pasemos a una situaci\u00f3n como la de marzo&#8221;, cuando el Ejecutivo espa\u00f1ol decret\u00f3 el estado de alarma.<\/p>\n<p>Las regiones de Arag\u00f3n, Catalu\u00f1a y Madrid concentran el 60% de los casos de coronavirus relacionados con los brotes activos en Espa\u00f1a, siendo el territorio catal\u00e1n el que m\u00e1s positivos acumula en los \u00faltimos 14 d\u00edas, m\u00e1s 8.500.<\/p>\n<p>Si bien Torra avis\u00f3 que la situaci\u00f3n es &#8220;cr\u00edtica&#8221; en cuanto al incremento acelerado de positivos, luego matiz\u00f3 que se est\u00e1 &#8220;muy lejos&#8221; de los peores momentos de la crisis sanitaria de la primera ola, cuando los hospitales se vieron desbordados, ya que ahora la presi\u00f3n est\u00e1 en la asistencia primaria, que en poco tiempo puede &#8220;verse desborda&#8221;.<\/p>\n<p>&#8220;Est\u00e1 en nuestras manos evitarlo&#8221;, subray\u00f3 el presidente catal\u00e1n, quien se dirigi\u00f3 especialmente a los j\u00f3venes, que son la mayor\u00eda de los afectados por los rebrotes -actualmente en una media de edad de 37,5 a\u00f1os-, y est\u00e1n haciendo caso omiso a las recomendaciones de las autoridades en lo que respecta al ocio nocturno.<\/p>\n<p>&#8220;El botell\u00f3n no es una fiesta, es una acto de insolidaridad&#8221;, enfatiz\u00f3 Torra despu\u00e9s de que la medida aprobada el viernes \u00faltimo por su Gobierno de cerrar bares a la medianoche y obligar a que no abran los boliches derivara en un aumento de las concentraciones de j\u00f3venes que beben en plazas y en la v\u00eda p\u00fablica.<\/p>\n<p>&#8220;Todos hemos sido j\u00f3venes y entendemos lo que es el verano, pero no quiero que Catalu\u00f1a vuelva a pasar por una situaci\u00f3n como la de marzo ni tener 6.000 muertos encima de la mesa&#8221;, afirm\u00f3 el pol\u00edtico independentista.<\/p>\n<p>Al margen de la alerta lanzada a la poblaci\u00f3n, Torra asegur\u00f3 que Catalu\u00f1a es &#8220;un destino seguro&#8221; para los turistas, despu\u00e9s de que el gobierno franc\u00e9s haya recomendado a sus ciudadanos no viajar a la regi\u00f3n y, por su parte, el Reino Unido anunciara una cuarentena a los viajeros que regresan de Espa\u00f1a.<\/p>\n<p>La decisi\u00f3n del Gobierno brit\u00e1nico, que provoc\u00f3 el anunci\u00f3 del mayor operador tur\u00edstico de cancelar sus operaciones hasta el 9 de agosto, llev\u00f3 a que el Ejecutivo espa\u00f1ol intensificara en las \u00faltimas horas los contactos diplom\u00e1ticos con Londres para excluir de la cuarentena territorios como las islas Baleares y Canarias, que son los principales preceptos de turistas brit\u00e1nicos.<\/p>\n","protected":false},"excerpt":{"rendered":"<p>Diez d\u00edas atr\u00e1s, el gobierno catal\u00e1n pidi\u00f3 a m\u00e1s de tres millones de personas que residen en Barcelona y su \u00e1rea metropolitana que &#8220;no salieran de sus casas&#8221; m\u00e1s que para lo imprescindible, y prohibi\u00f3 las reuniones de m\u00e1s de 10 personas &nbsp; El presidente catal\u00e1n, Quim Torra, advirti\u00f3 hoy que la norte\u00f1a regi\u00f3n atraviesa un momento &#8220;cr\u00edtico&#8221; por el repunte de casos de coronavirus en la \u00faltima semana, que podr\u00eda llevar a tomar medidas m\u00e1s restrictivas para la poblaci\u00f3n como un nuevo confinamiento obligatorio si la situaci\u00f3n no mejora&#8230;<\/p>\n","protected":false},"author":3,"featured_media":64747,"comment_status":"closed","ping_status":"closed","sticky":false,"template":"","format":"standard","meta":[],"categories":[4],"tags":[],"_links":{"self":[{"href":"https:\/\/www.actualidadadiario.com\/index.php\/wp-json\/wp\/v2\/posts\/64746"}],"collection":[{"href":"https:\/\/www.actualidadadiario.com\/index.php\/wp-json\/wp\/v2\/posts"}],"about":[{"href":"https:\/\/www.actualidadadiario.com\/index.php\/wp-json\/wp\/v2\/types\/post"}],"author":[{"embeddable":true,"href":"https:\/\/www.actualidadadiario.com\/index.php\/wp-json\/wp\/v2\/users\/3"}],"replies":[{"embeddable":true,"href":"https:\/\/www.actualidadadiario.com\/index.php\/wp-json\/wp\/v2\/comments?post=64746"}],"version-history":[{"count":1,"href":"https:\/\/www.actualidadadiario.com\/index.php\/wp-json\/wp\/v2\/posts\/64746\/revisions"}],"predecessor-version":[{"id":64748,"href":"https:\/\/www.actualidadadiario.com\/index.php\/wp-json\/wp\/v2\/posts\/64746\/revisions\/64748"}],"wp:featuredmedia":[{"embeddable":true,"href":"https:\/\/www.actualidadadiario.com\/index.php\/wp-json\/wp\/v2\/media\/64747"}],"wp:attachment":[{"href":"https:\/\/www.actualidadadiario.com\/index.php\/wp-json\/wp\/v2\/media?parent=64746"}],"wp:term":[{"taxonomy":"category","embeddable":true,"href":"https:\/\/www.actualidadadiario.com\/index.php\/wp-json\/wp\/v2\/categories?post=64746"},{"taxonomy":"post_tag","embeddable":true,"href":"https:\/\/www.actualidadadiario.com\/index.php\/wp-json\/wp\/v2\/tags?post=64746"}],"curies":[{"name":"wp","href":"https:\/\/api.w.org\/{rel}","templated":true}]}}