{"id":64737,"date":"2020-07-27T13:07:56","date_gmt":"2020-07-27T16:07:56","guid":{"rendered":"https:\/\/www.actualidadadiario.com\/?p=64737"},"modified":"2020-07-30T16:01:43","modified_gmt":"2020-07-30T19:01:43","slug":"arroyo-aseguro-que-la-situacion-social-es-critica-y-estable","status":"publish","type":"post","link":"https:\/\/www.actualidadadiario.com\/index.php\/2020\/07\/27\/arroyo-aseguro-que-la-situacion-social-es-critica-y-estable\/","title":{"rendered":"Arroyo asegur\u00f3 que &#8220;la situaci\u00f3n social es cr\u00edtica y estable&#8221;"},"content":{"rendered":"<p style=\"text-align: center;\"><em><strong>El ministro de Desarrollo Social, Daniel Arroyo, consider\u00f3 este lunes que &#8220;la situaci\u00f3n social es cr\u00edtica y estable&#8221; y destac\u00f3 una mejora en la forma en que el Estado compra alimentos<\/strong><\/em><\/p>\n<p>&nbsp;<\/p>\n<p>&#8220;Todas las semanas estamos comprando alimentos. Hay tres reglas nuevas: precios m\u00e1ximos, la plataforma ComprAR, donde participan m\u00e1s de 600 vendedores, y ahora empezamos con la descentralizaci\u00f3n, es decir, transferimos a los comedores y ellos mismos se encargan de la compra&#8221;, explic\u00f3 Arroyo.<\/p>\n<p>&#8220;La situaci\u00f3n social es cr\u00edtica y estable. Hay mucho miedo a la circulaci\u00f3n del virus. La semana pasada baj\u00f3 un poco la cantidad de gente en los comedores. Hay menos gente cuando vuelven un poco las changas y cuando se acredita el saldo en la tarjeta alimentaria&#8221;, subray\u00f3.<\/p>\n<p>Adem\u00e1s manifest\u00f3 que ya se est\u00e1 poniendo en marcha el Plan Potenciar Trabajo, que es una de las iniciativas del Gobierno para reactivar la econom\u00eda en sectores informales y de bajos recursos.<\/p>\n<p>&#8220;El plan Potenciar Trabajo es para los sectores productivos que van a demandar trabajo masivo: construcci\u00f3n, textil, cuidado, reciclado. Este plan vincula los planes sociales con el trabajo&#8221;, afirm\u00f3 en declaraciones al programa Ruleta Rusa, que conduce Nancy Pazos por la Rock and Pop.<\/p>\n","protected":false},"excerpt":{"rendered":"<p>El ministro de Desarrollo Social, Daniel Arroyo, consider\u00f3 este lunes que &#8220;la situaci\u00f3n social es cr\u00edtica y estable&#8221; y destac\u00f3 una mejora en la forma en que el Estado compra alimentos &nbsp; &#8220;Todas las semanas estamos comprando alimentos. Hay tres reglas nuevas: precios m\u00e1ximos, la plataforma ComprAR, donde participan m\u00e1s de 600 vendedores, y ahora empezamos con la descentralizaci\u00f3n, es decir, transferimos a los comedores y ellos mismos se encargan de la compra&#8221;, explic\u00f3 Arroyo. &#8220;La situaci\u00f3n social es cr\u00edtica y estable. Hay mucho miedo a la circulaci\u00f3n del virus&#8230;.<\/p>\n","protected":false},"author":3,"featured_media":60638,"comment_status":"closed","ping_status":"closed","sticky":false,"template":"","format":"standard","meta":[],"categories":[18],"tags":[],"_links":{"self":[{"href":"https:\/\/www.actualidadadiario.com\/index.php\/wp-json\/wp\/v2\/posts\/64737"}],"collection":[{"href":"https:\/\/www.actualidadadiario.com\/index.php\/wp-json\/wp\/v2\/posts"}],"about":[{"href":"https:\/\/www.actualidadadiario.com\/index.php\/wp-json\/wp\/v2\/types\/post"}],"author":[{"embeddable":true,"href":"https:\/\/www.actualidadadiario.com\/index.php\/wp-json\/wp\/v2\/users\/3"}],"replies":[{"embeddable":true,"href":"https:\/\/www.actualidadadiario.com\/index.php\/wp-json\/wp\/v2\/comments?post=64737"}],"version-history":[{"count":1,"href":"https:\/\/www.actualidadadiario.com\/index.php\/wp-json\/wp\/v2\/posts\/64737\/revisions"}],"predecessor-version":[{"id":64738,"href":"https:\/\/www.actualidadadiario.com\/index.php\/wp-json\/wp\/v2\/posts\/64737\/revisions\/64738"}],"wp:featuredmedia":[{"embeddable":true,"href":"https:\/\/www.actualidadadiario.com\/index.php\/wp-json\/wp\/v2\/media\/60638"}],"wp:attachment":[{"href":"https:\/\/www.actualidadadiario.com\/index.php\/wp-json\/wp\/v2\/media?parent=64737"}],"wp:term":[{"taxonomy":"category","embeddable":true,"href":"https:\/\/www.actualidadadiario.com\/index.php\/wp-json\/wp\/v2\/categories?post=64737"},{"taxonomy":"post_tag","embeddable":true,"href":"https:\/\/www.actualidadadiario.com\/index.php\/wp-json\/wp\/v2\/tags?post=64737"}],"curies":[{"name":"wp","href":"https:\/\/api.w.org\/{rel}","templated":true}]}}