{"id":64735,"date":"2020-07-27T13:07:14","date_gmt":"2020-07-27T16:07:14","guid":{"rendered":"https:\/\/www.actualidadadiario.com\/?p=64735"},"modified":"2020-07-30T16:01:43","modified_gmt":"2020-07-30T19:01:43","slug":"cafiero-tiene-previsto-exponer-este-jueves-en-diputados","status":"publish","type":"post","link":"https:\/\/www.actualidadadiario.com\/index.php\/2020\/07\/27\/cafiero-tiene-previsto-exponer-este-jueves-en-diputados\/","title":{"rendered":"Cafiero tiene previsto exponer este jueves en Diputados"},"content":{"rendered":"<p style=\"text-align: center;\"><em><strong>El jefe de Gabinete se presentar\u00eda por primera vez en la C\u00e1mara baja desde el inicio de la gesti\u00f3n. De todos modos, la prioridad est\u00e1 dada por la ampliaci\u00f3n del Presupuesto y la moratoria previsional<\/strong><\/em><\/p>\n<p>&nbsp;<\/p>\n<p>&nbsp;<\/p>\n<p>El Jefe de Gabinete de Ministros, Santiago Cafiero, concurrir\u00e1 este jueves a la C\u00e1mara de Diputados a brindar su primer informe de gesti\u00f3n ante ese cuerpo y responder las preguntas de los legisladores, vinculadas especialmente a la emergencia sanitaria y econ\u00f3mica que atraviesa el pa\u00eds por la pandemia del coronavirus.<\/p>\n<p>El funcionario brindar\u00e1 un informe sobre la gesti\u00f3n del Gobierno, como lo establece el art\u00edculo 101 de la Constituci\u00f3n Nacional, en una sesi\u00f3n remota que tendr\u00e1 una asistencia presencial de unos 40 legisladores, mientras el resto lo har\u00e1 en forma virtual debido a las restricciones por el aislamiento social. Si bien la visita de Cafiero est\u00e1 confirmada para el jueves, fuentes parlamentarias anticiparon que la exposici\u00f3n del Jefe de Gabinete se podr\u00eda postergar una semana si lo requiere el cronograma parlamentario dise\u00f1ado por el oficialismo para aprobar esta semana el proyecto de ley de moratoria impositiva y previsional y la ampliaci\u00f3n de Presupuesto enviada por el Ejecutivo.<\/p>\n<p>La Jefatura de Gabinete recibi\u00f3 m\u00e1s de 1.651 preguntas de los diputados, la mayor\u00eda de ellas vinculadas a la emergencia sanitaria y econ\u00f3mica como consecuencia de la pandemia de coronavirus, seg\u00fan se inform\u00f3.<\/p>\n<p>Se trata del segundo informe que brindar\u00e1 Cafiero ante el Congreso, ya que el primero lo hizo en el Senado Nacional el 18 de junio pasado. El funcionario expondr\u00e1 su informe que estar\u00e1 basado, seg\u00fan fuentes oficiales, en las medidas econ\u00f3micas impulsadas por el Gobierno nacional para la pospandemia, tras lo cual responder\u00e1 las preguntas de cada bloque parlamentario.<\/p>\n<p>Seg\u00fan la informaci\u00f3n relevada por la Secretar\u00eda de Relaciones Parlamentarias, a cargo de Fernando &#8220;Chino&#8221; Navarro, se recibieron m\u00e1s de &#8220;2.300 requisitorias por parte de los integrantes de 16 bloques de la C\u00e1mara baja, las cuales luego de su clasificaci\u00f3n y depuraci\u00f3n arrojaron un total de 1.651 preguntas consolidadas&#8221;.<\/p>\n<p>&#8220;Se trata del segundo informe en cantidad de preguntas de la historia de la Jefatura de Gabinete, ya que s\u00f3lo fue superado por el informe 110 del 16 de mayo de 2018, con 1.989 preguntas&#8221;, durante la gesti\u00f3n de Marcos Pe\u00f1a, precis\u00f3 un comunicado explicativo de lo que ser\u00e1 la visita del ministro coordinador.<\/p>\n<p>Desde Juntos por el Cambio, que viene reclamando desde abril pasado la presencia del Jefe de Gabinete en la C\u00e1mara baja, el diputado radical Ricardo Buryaile adelant\u00f3 que &#8220;pandemia, econom\u00eda, situaci\u00f3n institucional del pa\u00eds, ser\u00e1n los puntos centrales de las preguntas y son los que le preocupan a la gente&#8221;.<\/p>\n<p>Destac\u00f3 que &#8220;si bien viene demorada la visita, ya que se hab\u00eda comprometido en otras oportunidades, es una buena noticia que venga; ojal\u00e1 se pueda interactuar, sin que eso signifique una interpelaci\u00f3n&#8221;.<\/p>\n<p>En tanto, desde Unidad Federal para el Desarrollo, Jos\u00e9 Luis Ram\u00f3n manifest\u00f3 que ese espacio tiene &#8220;gran preocupaci\u00f3n por la falta de asistencia a los subsidios de las asociaciones de defensa del consumidor para poder salir a efectuar su actividad&#8221;.<\/p>\n<p>&#8220;Tenemos serios reparos por la falta de publicidad de los convenios efectuados por las Compa\u00f1\u00edas de Telecomunicaciones con el Enacom&#8221;, afirm\u00f3 Ram\u00f3n, quien expres\u00f3 su preocupaci\u00f3n por &#8220;el grado de desaprensi\u00f3n en las instituciones educativas de gesti\u00f3n privada respecto a la prestaci\u00f3n del servicio educativo y la remuneraci\u00f3n (situaci\u00f3n, intervenci\u00f3n y protecci\u00f3n de los consumidores)&#8221;.<\/p>\n<p>La mayor\u00eda de las preguntas que enviaron los diputados est\u00e1 vinculada con el Ministerio de Salud, con 190 consultas, y en segundo t\u00e9rmino la cartera de Desarrollo Productivo, con 185 preguntas, mientras que sobre la Canciller\u00eda se hicieron 112 preguntas, en tanto el resto est\u00e1n relacionadas con el reparto de fondos a los distritos m\u00e1s afectados por la pandemia.<\/p>\n","protected":false},"excerpt":{"rendered":"<p>El jefe de Gabinete se presentar\u00eda por primera vez en la C\u00e1mara baja desde el inicio de la gesti\u00f3n. De todos modos, la prioridad est\u00e1 dada por la ampliaci\u00f3n del Presupuesto y la moratoria previsional &nbsp; &nbsp; El Jefe de Gabinete de Ministros, Santiago Cafiero, concurrir\u00e1 este jueves a la C\u00e1mara de Diputados a brindar su primer informe de gesti\u00f3n ante ese cuerpo y responder las preguntas de los legisladores, vinculadas especialmente a la emergencia sanitaria y econ\u00f3mica que atraviesa el pa\u00eds por la pandemia del coronavirus. El funcionario brindar\u00e1&#8230;<\/p>\n","protected":false},"author":3,"featured_media":64297,"comment_status":"closed","ping_status":"closed","sticky":false,"template":"","format":"standard","meta":[],"categories":[18],"tags":[],"_links":{"self":[{"href":"https:\/\/www.actualidadadiario.com\/index.php\/wp-json\/wp\/v2\/posts\/64735"}],"collection":[{"href":"https:\/\/www.actualidadadiario.com\/index.php\/wp-json\/wp\/v2\/posts"}],"about":[{"href":"https:\/\/www.actualidadadiario.com\/index.php\/wp-json\/wp\/v2\/types\/post"}],"author":[{"embeddable":true,"href":"https:\/\/www.actualidadadiario.com\/index.php\/wp-json\/wp\/v2\/users\/3"}],"replies":[{"embeddable":true,"href":"https:\/\/www.actualidadadiario.com\/index.php\/wp-json\/wp\/v2\/comments?post=64735"}],"version-history":[{"count":1,"href":"https:\/\/www.actualidadadiario.com\/index.php\/wp-json\/wp\/v2\/posts\/64735\/revisions"}],"predecessor-version":[{"id":64736,"href":"https:\/\/www.actualidadadiario.com\/index.php\/wp-json\/wp\/v2\/posts\/64735\/revisions\/64736"}],"wp:featuredmedia":[{"embeddable":true,"href":"https:\/\/www.actualidadadiario.com\/index.php\/wp-json\/wp\/v2\/media\/64297"}],"wp:attachment":[{"href":"https:\/\/www.actualidadadiario.com\/index.php\/wp-json\/wp\/v2\/media?parent=64735"}],"wp:term":[{"taxonomy":"category","embeddable":true,"href":"https:\/\/www.actualidadadiario.com\/index.php\/wp-json\/wp\/v2\/categories?post=64735"},{"taxonomy":"post_tag","embeddable":true,"href":"https:\/\/www.actualidadadiario.com\/index.php\/wp-json\/wp\/v2\/tags?post=64735"}],"curies":[{"name":"wp","href":"https:\/\/api.w.org\/{rel}","templated":true}]}}