{"id":64732,"date":"2020-07-27T13:06:29","date_gmt":"2020-07-27T16:06:29","guid":{"rendered":"https:\/\/www.actualidadadiario.com\/?p=64732"},"modified":"2020-07-30T16:01:43","modified_gmt":"2020-07-30T19:01:43","slug":"cecilia-todesca-senalo-que-macri-estropeo-la-economia-en-20-meses","status":"publish","type":"post","link":"https:\/\/www.actualidadadiario.com\/index.php\/2020\/07\/27\/cecilia-todesca-senalo-que-macri-estropeo-la-economia-en-20-meses\/","title":{"rendered":"Cecilia Todesca se\u00f1al\u00f3 que Macri &#8220;estrope\u00f3 la econom\u00eda en 20 meses&#8221;"},"content":{"rendered":"<p style=\"text-align: center;\"><em><strong>La vicejefa de Gabinete, Cecilia Todesca Bocco, remarc\u00f3 que el Estado Nacional lleva gastados m\u00e1s de 5 puntos del PBI en la asistencia econ\u00f3mica de la pandemia y consider\u00f3 que la salida econ\u00f3mica de la crisis es por medio del mercado interno, en tanto que consider\u00f3 que el gobierno de Mauricio Macri &#8220;estrope\u00f3 la econom\u00eda en 20 meses&#8221;<\/strong><\/em><\/p>\n<p>&nbsp;<\/p>\n<p>En declaraciones al programa &#8220;El G\u00edglico&#8221;, que conduce Mauro Viale por Radio Rivadavia, la funcionaria apunt\u00f3 que el &#8220;Ingreso Familiar Extraordinario (IFE) ha sido un buen instrumento y ayud\u00f3 much\u00edsimo&#8221;, al tiempo que sostuvo: &#8220;En lo econ\u00f3mico estamos igual de golpeados que en muchos otros pa\u00edses&#8221;.<\/p>\n<p>Con respecto al mercado de trabajo, la vicejefa de Gabinete expres\u00f3 que &#8220;no genera los puestos suficientes, y cuando lo hace se trata de lugares sin derechos y bajos salarios&#8221;.<\/p>\n<p>&#8220;El apoyo directo por el lado del gasto p\u00fablico es m\u00e1s o menos 3.25 del PBI y los pr\u00e9stamos que se han generado son otros 2 puntos del producto. El financiamiento es fundamental para la producci\u00f3n y tambi\u00e9n para las familias, por ejemplo para comprar una heladera&#8221;, expres\u00f3 Todesca Bocco.<\/p>\n<p>Asimismo, agreg\u00f3: &#8220;En el mundo, en los \u00faltimos 30 a\u00f1os, se ha visto una ca\u00edda del salario real y eso se compens\u00f3 con cr\u00e9dito. Ese mecanismo es perverso porque una cosa es que el cr\u00e9dito te ayude y otra es estar tomando cr\u00e9dito como manotazo de ahogado porque no te alcanza con lo que gan\u00e1s&#8221;.<\/p>\n<p>&#8220;La salida de esta crisis es con mercado interno. Ese mercado interno no puede recuperarse si los ingresos reales de las familias no se recuperan. Esa recuperaci\u00f3n se tiene que dar acompasada con otras variables para no generar un boom que te repercute en el resto de las variables macroecon\u00f3micas&#8221;, explic\u00f3 Todesca Bocco en el podcast &#8220;Fuera de Tiempo&#8221;, de Diego Genoud.<\/p>\n<p>La funcionaria se refiri\u00f3 adem\u00e1s a la ca\u00edda de la recaudaci\u00f3n: &#8220;Se va a recuperar en tanto y en cuanto la actividad econ\u00f3mica se recupere. Tenemos indicadores interesantes: los impuestos que m\u00e1s crecieron porcentualmente son bienes personales y el impuesto PA\u00cdS. Eso quiere decir que ya produjimos una transformaci\u00f3n en el sentido de cobrarle m\u00e1s impuestos a los que m\u00e1s tienen&#8221;.<\/p>\n<p>&#8220;En la gesti\u00f3n anterior se ten\u00eda un diagn\u00f3stico que si vos le bajabas impuestos a las personas de m\u00e1s ingresos ibas a generar una corriente de inversi\u00f3n que iba a generar producci\u00f3n y empleo. Eso no se verific\u00f3. Ese es el recetario t\u00edpico de la visi\u00f3n neoliberal&#8221;, explic\u00f3.<\/p>\n<p>Por \u00faltimo, coment\u00f3 que &#8220;no hay una definici\u00f3n sobre el tema del blanqueo&#8221; y remarc\u00f3 que &#8220;habr\u00eda que ver cu\u00e1l es el beneficio de una medida de ese tipo&#8221;.<\/p>\n","protected":false},"excerpt":{"rendered":"<p>La vicejefa de Gabinete, Cecilia Todesca Bocco, remarc\u00f3 que el Estado Nacional lleva gastados m\u00e1s de 5 puntos del PBI en la asistencia econ\u00f3mica de la pandemia y consider\u00f3 que la salida econ\u00f3mica de la crisis es por medio del mercado interno, en tanto que consider\u00f3 que el gobierno de Mauricio Macri &#8220;estrope\u00f3 la econom\u00eda en 20 meses&#8221; &nbsp; En declaraciones al programa &#8220;El G\u00edglico&#8221;, que conduce Mauro Viale por Radio Rivadavia, la funcionaria apunt\u00f3 que el &#8220;Ingreso Familiar Extraordinario (IFE) ha sido un buen instrumento y ayud\u00f3 much\u00edsimo&#8221;, al&#8230;<\/p>\n","protected":false},"author":3,"featured_media":64733,"comment_status":"closed","ping_status":"closed","sticky":false,"template":"","format":"standard","meta":[],"categories":[18],"tags":[],"_links":{"self":[{"href":"https:\/\/www.actualidadadiario.com\/index.php\/wp-json\/wp\/v2\/posts\/64732"}],"collection":[{"href":"https:\/\/www.actualidadadiario.com\/index.php\/wp-json\/wp\/v2\/posts"}],"about":[{"href":"https:\/\/www.actualidadadiario.com\/index.php\/wp-json\/wp\/v2\/types\/post"}],"author":[{"embeddable":true,"href":"https:\/\/www.actualidadadiario.com\/index.php\/wp-json\/wp\/v2\/users\/3"}],"replies":[{"embeddable":true,"href":"https:\/\/www.actualidadadiario.com\/index.php\/wp-json\/wp\/v2\/comments?post=64732"}],"version-history":[{"count":1,"href":"https:\/\/www.actualidadadiario.com\/index.php\/wp-json\/wp\/v2\/posts\/64732\/revisions"}],"predecessor-version":[{"id":64734,"href":"https:\/\/www.actualidadadiario.com\/index.php\/wp-json\/wp\/v2\/posts\/64732\/revisions\/64734"}],"wp:featuredmedia":[{"embeddable":true,"href":"https:\/\/www.actualidadadiario.com\/index.php\/wp-json\/wp\/v2\/media\/64733"}],"wp:attachment":[{"href":"https:\/\/www.actualidadadiario.com\/index.php\/wp-json\/wp\/v2\/media?parent=64732"}],"wp:term":[{"taxonomy":"category","embeddable":true,"href":"https:\/\/www.actualidadadiario.com\/index.php\/wp-json\/wp\/v2\/categories?post=64732"},{"taxonomy":"post_tag","embeddable":true,"href":"https:\/\/www.actualidadadiario.com\/index.php\/wp-json\/wp\/v2\/tags?post=64732"}],"curies":[{"name":"wp","href":"https:\/\/api.w.org\/{rel}","templated":true}]}}