{"id":64730,"date":"2020-07-27T13:05:43","date_gmt":"2020-07-27T16:05:43","guid":{"rendered":"https:\/\/www.actualidadadiario.com\/?p=64730"},"modified":"2020-07-30T16:01:43","modified_gmt":"2020-07-30T19:01:43","slug":"trotta-no-nos-vamos-a-apurar-en-ninguna-decision-sobre-el-regreso-a-las-aulas","status":"publish","type":"post","link":"https:\/\/www.actualidadadiario.com\/index.php\/2020\/07\/27\/trotta-no-nos-vamos-a-apurar-en-ninguna-decision-sobre-el-regreso-a-las-aulas\/","title":{"rendered":"Trotta: &#8220;No nos vamos a apurar en ninguna decisi\u00f3n sobre el regreso a las aulas&#8221;"},"content":{"rendered":"<p style=\"text-align: center;\"><em><strong>El ministro de Educaci\u00f3n dijo que todav\u00eda no se puede &#8220;proyectar&#8221; ning\u00fan escenario sobre el retorno a las aulas, y diferenci\u00f3 esta situaci\u00f3n con el panorama de muchas localidades del interior del pa\u00eds<\/strong><\/em><\/p>\n<p>&nbsp;<\/p>\n<p>&nbsp;<\/p>\n<p>El ministro de Educaci\u00f3n, Nicol\u00e1s Trotta, se\u00f1al\u00f3 que en el Gobierno no se van a &#8220;apurar en ninguna decisi\u00f3n&#8221; sobre el regreso a las aulas, a ra\u00edz de la incertidumbre a futuro que a\u00fan genera la situaci\u00f3n epidemiol\u00f3gica vinculada al Covid-19.<\/p>\n<p>En declaraciones radiales, Trotta se\u00f1al\u00f3 que para el \u00e1mbito metropolitano a\u00fan no se puede &#8220;proyectar&#8221; ning\u00fan escenario sobre el retorno a las aulas, y diferenci\u00f3 esta situaci\u00f3n con el panorama de muchas localidades del interior del pa\u00eds que est\u00e1n previendo un &#8220;regreso escalonado&#8221; a partir de agosto.<\/p>\n<p>&#8220;Hay 7, 8, 9 provincias o tal vez alguna m\u00e1s que est\u00e1n previendo regresar a clases en agosto, en sus localidades m\u00e1s peque\u00f1as&#8221;, puntualiz\u00f3.<\/p>\n<p>&#8220;Ese regreso implica estar muy atento a toda la realidad epidemiol\u00f3gica de cada una de las realidades. Cuando esa realidad es de nula o muy baja circulaci\u00f3n se puede proyectar el regreso a las aulas cumpliendo todos los protocolos&#8221;, explic\u00f3.<\/p>\n<p>En el caso de la Ciudad de Buenos Aires, Trotta aclar\u00f3 que &#8220;hasta que no haya una reducci\u00f3n important\u00edsima del nivel de circulaci\u00f3n y contagios no se puede proyectar el regreso a las aulas&#8221;.<\/p>\n<p>Sin embargo, desliz\u00f3 que tiene la expectativa que esa reducci\u00f3n fuerte de la circulaci\u00f3n del virus &#8220;se empiece a producir a fines de agosto o principios de septiembre&#8221;.<\/p>\n<p>&#8220;Eso nos dar\u00e1 un horizonte de regresar a esa escuela que va a ser distinta, porque los chicos no van a ir todos los d\u00edas&#8221;, adelant\u00f3.<\/p>\n<p>Y puso en duda que sea posible volver f\u00edsicamente a la escuela en septiembre en la Ciudad: &#8220;Eso implicar\u00eda que empezamos a recuperar una normalidad que hoy no tenemos. La vuelta la escuela va a ser la consecuencia de que logramos bajar la circulaci\u00f3n&#8221;.<\/p>\n<p>En este sentido, el funcionario resalt\u00f3 que &#8220;la voluntad del presidente es ser muy estricto&#8221; y que &#8220;si no est\u00e1n dadas las condiciones&#8221; sanitarias no se dar\u00e1 &#8220;ning\u00fan paso&#8221; hacia adelante.<\/p>\n<p>El ministro rechaz\u00f3 los alumnos no vayan a pasar de a\u00f1o aunque reconoci\u00f3 que ser\u00e1 complejo el proceso de &#8220;acreditaci\u00f3n de los saberes&#8221; aprendidos durante la pandemia.<\/p>\n<p>Al respecto, indic\u00f3 que dicho proceso requerir\u00e1 tambi\u00e9n necesariamente de una reorganizaci\u00f3n curricular y pedag\u00f3gica del a\u00f1o escolar 2021.<\/p>\n","protected":false},"excerpt":{"rendered":"<p>El ministro de Educaci\u00f3n dijo que todav\u00eda no se puede &#8220;proyectar&#8221; ning\u00fan escenario sobre el retorno a las aulas, y diferenci\u00f3 esta situaci\u00f3n con el panorama de muchas localidades del interior del pa\u00eds &nbsp; &nbsp; El ministro de Educaci\u00f3n, Nicol\u00e1s Trotta, se\u00f1al\u00f3 que en el Gobierno no se van a &#8220;apurar en ninguna decisi\u00f3n&#8221; sobre el regreso a las aulas, a ra\u00edz de la incertidumbre a futuro que a\u00fan genera la situaci\u00f3n epidemiol\u00f3gica vinculada al Covid-19. En declaraciones radiales, Trotta se\u00f1al\u00f3 que para el \u00e1mbito metropolitano a\u00fan no se puede&#8230;<\/p>\n","protected":false},"author":3,"featured_media":59897,"comment_status":"closed","ping_status":"closed","sticky":false,"template":"","format":"standard","meta":[],"categories":[18],"tags":[],"_links":{"self":[{"href":"https:\/\/www.actualidadadiario.com\/index.php\/wp-json\/wp\/v2\/posts\/64730"}],"collection":[{"href":"https:\/\/www.actualidadadiario.com\/index.php\/wp-json\/wp\/v2\/posts"}],"about":[{"href":"https:\/\/www.actualidadadiario.com\/index.php\/wp-json\/wp\/v2\/types\/post"}],"author":[{"embeddable":true,"href":"https:\/\/www.actualidadadiario.com\/index.php\/wp-json\/wp\/v2\/users\/3"}],"replies":[{"embeddable":true,"href":"https:\/\/www.actualidadadiario.com\/index.php\/wp-json\/wp\/v2\/comments?post=64730"}],"version-history":[{"count":1,"href":"https:\/\/www.actualidadadiario.com\/index.php\/wp-json\/wp\/v2\/posts\/64730\/revisions"}],"predecessor-version":[{"id":64731,"href":"https:\/\/www.actualidadadiario.com\/index.php\/wp-json\/wp\/v2\/posts\/64730\/revisions\/64731"}],"wp:featuredmedia":[{"embeddable":true,"href":"https:\/\/www.actualidadadiario.com\/index.php\/wp-json\/wp\/v2\/media\/59897"}],"wp:attachment":[{"href":"https:\/\/www.actualidadadiario.com\/index.php\/wp-json\/wp\/v2\/media?parent=64730"}],"wp:term":[{"taxonomy":"category","embeddable":true,"href":"https:\/\/www.actualidadadiario.com\/index.php\/wp-json\/wp\/v2\/categories?post=64730"},{"taxonomy":"post_tag","embeddable":true,"href":"https:\/\/www.actualidadadiario.com\/index.php\/wp-json\/wp\/v2\/tags?post=64730"}],"curies":[{"name":"wp","href":"https:\/\/api.w.org\/{rel}","templated":true}]}}